{"id":200283,"date":"2022-06-14T21:16:18","date_gmt":"2022-06-15T00:16:18","guid":{"rendered":"https:\/\/diarioregionaldigital.com.br\/?p=200283"},"modified":"2022-06-14T21:16:18","modified_gmt":"2022-06-15T00:16:18","slug":"rua-santa-rita-ganha-nova-rede-de-esgoto","status":"publish","type":"post","link":"https:\/\/diarioregionaldigital.com.br\/?p=200283","title":{"rendered":"Rua Santa Rita ganha nova rede de esgoto"},"content":{"rendered":"<p>Segundo informa\u00e7\u00f5es do site da Prefeitura de Juiz de Fora (PJF), foi iniciado nesta ter\u00e7a-feira, 13, a remodela\u00e7\u00e3o da rede de esgoto da Rua Santa Rita, no Centro, pela PJF. Os trabalhos est\u00e3o sendo conduzidos pela Companhia de Saneamento Municipal (Cesama) e preveem a implanta\u00e7\u00e3o de cerca de 300 metros de novas tubula\u00e7\u00f5es, que ir\u00e3o melhorar significativamente a coleta de esgoto daquela \u00e1rea, al\u00e9m de minimizar os servi\u00e7os de manuten\u00e7\u00e3o. As obras t\u00eam previs\u00e3o para t\u00e9rmino em meados de agosto e, durante os trabalhos, o tr\u00e2nsito na via est\u00e1 sendo realizado em uma pista.<\/p>\n<p>Segundo o diretor T\u00e9cnico-Operacional da Cesama, M\u00e1rcio Augusto Pessoa Azevedo, a nova rede, de maior di\u00e2metro, ir\u00e1 aumentar a operacionalidade do sistema, facilitando o escoamento do esgoto e minimizando as manuten\u00e7\u00f5es. A companhia est\u00e1 realizando, tamb\u00e9m, um trabalho de conscientiza\u00e7\u00e3o local, para que as redes sejam utilizadas de maneira correta. &#8220;Como a \u00e1rea \u00e9 adensada, com grande concentra\u00e7\u00e3o de lojas e restaurantes, \u00e9 importante que todos utilizem o sistema de forma adequada, impedindo obstru\u00e7\u00f5es e rompimentos da tubula\u00e7\u00e3o. Por isso, \u00e9 sempre importante usar o ralinho na pia, evitando o lan\u00e7amento na tubula\u00e7\u00e3o de restos e cascas de alimentos, peda\u00e7os de pano e buchas, dentre outros materiais que podem causar entupimento&#8221;, destacou o diretor.<\/p>\n<p>Al\u00e9m disso, \u00e9 importante ressaltar que a \u00e1gua de chuva, vinda de telhados e quintais, n\u00e3o deve ser direcionada para as redes de esgoto e, sim, junto ao meio-fio, para que seja captada pelas bocas de lobo. As tubula\u00e7\u00f5es de esgoto foram projetadas para coleta do efluente dom\u00e9stico, proveniente dos vasos sanit\u00e1rios, banheiros, pias de cozinhas, tanques, entre outros. O lan\u00e7amento de \u00e1guas pluviais neste sistema pode causar sobrecarga e eros\u00f5es, resultando em retorno de esgoto para dentro do im\u00f3vel.<\/p>\n<p>As a\u00e7\u00f5es de remodela\u00e7\u00e3o de redes de esgoto s\u00e3o realizadas ao longo do ano pela Cesama, seguindo uma programa\u00e7\u00e3o de prioridades, quando \u00e9 avaliada a necessidade de troca da tubula\u00e7\u00e3o. A an\u00e1lise leva em conta a antiguidade e o desgaste do material, o fato de o dimensionamento da rede j\u00e1 n\u00e3o ser compat\u00edvel com o n\u00famero de im\u00f3veis atendidos e os transtornos causados aos usu\u00e1rios do sistema, al\u00e9m dos custos de manuten\u00e7\u00e3o.<\/p>\n","protected":false},"excerpt":{"rendered":"<p>Segundo informa\u00e7\u00f5es do site da Prefeitura de Juiz de Fora (PJF), foi iniciado nesta ter\u00e7a-feira, 13, a remodela\u00e7\u00e3o da rede de esgoto da Rua Santa Rita, no Centro, pela PJF. Os trabalhos est\u00e3o sendo conduzidos pela Companhia de Saneamento Municipal (Cesama) e preveem a implanta\u00e7\u00e3o de cerca de 300 metros de novas tubula\u00e7\u00f5es, que ir\u00e3o [&hellip;]<\/p>\n","protected":false},"author":246,"featured_media":200284,"comment_status":"closed","ping_status":"closed","sticky":false,"template":"","format":"standard","meta":{"footnotes":""},"categories":[253,436,439],"tags":[],"class_list":["post-200283","post","type-post","status-publish","format-standard","has-post-thumbnail","hentry","category-cidade","category-destaque-da-semana","category-ultima-hora"],"_links":{"self":[{"href":"https:\/\/diarioregionaldigital.com.br\/index.php?rest_route=\/wp\/v2\/posts\/200283","targetHints":{"allow":["GET"]}}],"collection":[{"href":"https:\/\/diarioregionaldigital.com.br\/index.php?rest_route=\/wp\/v2\/posts"}],"about":[{"href":"https:\/\/diarioregionaldigital.com.br\/index.php?rest_route=\/wp\/v2\/types\/post"}],"author":[{"embeddable":true,"href":"https:\/\/diarioregionaldigital.com.br\/index.php?rest_route=\/wp\/v2\/users\/246"}],"replies":[{"embeddable":true,"href":"https:\/\/diarioregionaldigital.com.br\/index.php?rest_route=%2Fwp%2Fv2%2Fcomments&post=200283"}],"version-history":[{"count":2,"href":"https:\/\/diarioregionaldigital.com.br\/index.php?rest_route=\/wp\/v2\/posts\/200283\/revisions"}],"predecessor-version":[{"id":200286,"href":"https:\/\/diarioregionaldigital.com.br\/index.php?rest_route=\/wp\/v2\/posts\/200283\/revisions\/200286"}],"wp:featuredmedia":[{"embeddable":true,"href":"https:\/\/diarioregionaldigital.com.br\/index.php?rest_route=\/wp\/v2\/media\/200284"}],"wp:attachment":[{"href":"https:\/\/diarioregionaldigital.com.br\/index.php?rest_route=%2Fwp%2Fv2%2Fmedia&parent=200283"}],"wp:term":[{"taxonomy":"category","embeddable":true,"href":"https:\/\/diarioregionaldigital.com.br\/index.php?rest_route=%2Fwp%2Fv2%2Fcategories&post=200283"},{"taxonomy":"post_tag","embeddable":true,"href":"https:\/\/diarioregionaldigital.com.br\/index.php?rest_route=%2Fwp%2Fv2%2Ftags&post=200283"}],"curies":[{"name":"wp","href":"https:\/\/api.w.org\/{rel}","templated":true}]}}