{"id":200280,"date":"2022-06-14T21:12:23","date_gmt":"2022-06-15T00:12:23","guid":{"rendered":"https:\/\/diarioregionaldigital.com.br\/?p=200280"},"modified":"2022-06-14T21:12:23","modified_gmt":"2022-06-15T00:12:23","slug":"prefeitura-de-juiz-de-fora-e-governo-de-minas-gerais-alinham-detalhes-tecnicos-da-transferencia-do-hospital-regional","status":"publish","type":"post","link":"https:\/\/diarioregionaldigital.com.br\/?p=200280","title":{"rendered":"Prefeitura de Juiz de Fora e Governo de Minas Gerais alinham detalhes t\u00e9cnicos da transfer\u00eancia do Hospital Regional"},"content":{"rendered":"<p>Segundo informa\u00e7\u00f5es do site da Prefeitura de Juiz de Fora (PJF), o Governo do Estado de Minas Gerais e a PJF, com a intermedia\u00e7\u00e3o do Minist\u00e9rio P\u00fablico de Minas Gerais (MPMG), se reuniram nesta ter\u00e7a-feira, 14, em Belo Horizonte, com o objetivo de estabelecer acertos t\u00e9cnicos para a finaliza\u00e7\u00e3o da transfer\u00eancia do Hospital Regional para o Governo Estadual. Tanto para doa\u00e7\u00e3o quanto para o recebimento do im\u00f3vel \u00e9 necess\u00e1rio autoriza\u00e7\u00e3o do Legislativo para a realiza\u00e7\u00e3o do processo.<\/p>\n<p>No \u00e2mbito municipal, a Prefeitura, com aprova\u00e7\u00e3o da C\u00e2mara Municipal, j\u00e1 doou ao estado de Minas Gerais o terreno onde se localizar\u00e1 o Hospital Regional de Juiz de Fora com as benfeitorias ali implantadas. Essa a\u00e7\u00e3o foi feita como forma de quita\u00e7\u00e3o completa da divida relacionada \u00e0 constru\u00e7\u00e3o do im\u00f3vel no bairro S\u00e3o Dimas.<\/p>\n<p>No \u00e2mbito estadual, o Governo de Minas tamb\u00e9m necessita de autoriza\u00e7\u00e3o legislativa, nesse caso da Assembleia Legislativa de Minas Gerais, para receber os terrenos e as obras ali realizadas pelo munic\u00edpio.<\/p>\n<p>A reuni\u00e3o foi necess\u00e1ria j\u00e1 que h\u00e1 detalhes t\u00e9cnicos relativos a situa\u00e7\u00e3o de propriedade da \u00e1rea total, formada por diversos terrenos. Finalizado esse alinhamento, o estado poder\u00e1 dar ordem de servi\u00e7o para as obras de conclus\u00e3o do Hospital Regional, com recursos procedentes do acordo com a Vale do Rio Doce.<\/p>\n<p>Participaram do encontro a prefeita de Juiz de Fora, Margarida Salom\u00e3o, o secret\u00e1rio de Sa\u00fade, Ivan Chebli, e o procurador-geral do Munic\u00edpio, Marcus Motta Monteiro de Carvalho, al\u00e9m de representantes do MPMG e Governo do Estado de Minas Gerais.<\/p>\n","protected":false},"excerpt":{"rendered":"<p>Segundo informa\u00e7\u00f5es do site da Prefeitura de Juiz de Fora (PJF), o Governo do Estado de Minas Gerais e a PJF, com a intermedia\u00e7\u00e3o do Minist\u00e9rio P\u00fablico de Minas Gerais (MPMG), se reuniram nesta ter\u00e7a-feira, 14, em Belo Horizonte, com o objetivo de estabelecer acertos t\u00e9cnicos para a finaliza\u00e7\u00e3o da transfer\u00eancia do Hospital Regional para [&hellip;]<\/p>\n","protected":false},"author":246,"featured_media":200281,"comment_status":"closed","ping_status":"closed","sticky":false,"template":"","format":"standard","meta":{"footnotes":""},"categories":[253,436,440,439],"tags":[],"class_list":["post-200280","post","type-post","status-publish","format-standard","has-post-thumbnail","hentry","category-cidade","category-destaque-da-semana","category-destaques-do-dia","category-ultima-hora"],"_links":{"self":[{"href":"https:\/\/diarioregionaldigital.com.br\/index.php?rest_route=\/wp\/v2\/posts\/200280","targetHints":{"allow":["GET"]}}],"collection":[{"href":"https:\/\/diarioregionaldigital.com.br\/index.php?rest_route=\/wp\/v2\/posts"}],"about":[{"href":"https:\/\/diarioregionaldigital.com.br\/index.php?rest_route=\/wp\/v2\/types\/post"}],"author":[{"embeddable":true,"href":"https:\/\/diarioregionaldigital.com.br\/index.php?rest_route=\/wp\/v2\/users\/246"}],"replies":[{"embeddable":true,"href":"https:\/\/diarioregionaldigital.com.br\/index.php?rest_route=%2Fwp%2Fv2%2Fcomments&post=200280"}],"version-history":[{"count":1,"href":"https:\/\/diarioregionaldigital.com.br\/index.php?rest_route=\/wp\/v2\/posts\/200280\/revisions"}],"predecessor-version":[{"id":200282,"href":"https:\/\/diarioregionaldigital.com.br\/index.php?rest_route=\/wp\/v2\/posts\/200280\/revisions\/200282"}],"wp:featuredmedia":[{"embeddable":true,"href":"https:\/\/diarioregionaldigital.com.br\/index.php?rest_route=\/wp\/v2\/media\/200281"}],"wp:attachment":[{"href":"https:\/\/diarioregionaldigital.com.br\/index.php?rest_route=%2Fwp%2Fv2%2Fmedia&parent=200280"}],"wp:term":[{"taxonomy":"category","embeddable":true,"href":"https:\/\/diarioregionaldigital.com.br\/index.php?rest_route=%2Fwp%2Fv2%2Fcategories&post=200280"},{"taxonomy":"post_tag","embeddable":true,"href":"https:\/\/diarioregionaldigital.com.br\/index.php?rest_route=%2Fwp%2Fv2%2Ftags&post=200280"}],"curies":[{"name":"wp","href":"https:\/\/api.w.org\/{rel}","templated":true}]}}