{"id":200277,"date":"2022-06-14T21:01:48","date_gmt":"2022-06-15T00:01:48","guid":{"rendered":"https:\/\/diarioregionaldigital.com.br\/?p=200277"},"modified":"2022-06-14T21:01:48","modified_gmt":"2022-06-15T00:01:48","slug":"caio-souza-ganha-tres-medalhas-em-copa-do-mundo-na-croacia","status":"publish","type":"post","link":"https:\/\/diarioregionaldigital.com.br\/?p=200277","title":{"rendered":"Caio Souza ganha tr\u00eas medalhas em Copa do Mundo na Cro\u00e1cia"},"content":{"rendered":"<p>Caio Souza voltou a ser o destaque brasileiro neste domingo (12) na Copa do Mundo de gin\u00e1stica art\u00edstica em Osijek, na Cro\u00e1cia. Ele faturou tr\u00eas medalhas: prata no salto sobre a mesa e nas argolas e bronze na barra fixa.<img decoding=\"async\" src=\"https:\/\/agenciabrasil.ebc.com.br\/ebc.png?id=1465383&amp;o=node\" \/><img decoding=\"async\" src=\"https:\/\/agenciabrasil.ebc.com.br\/ebc.gif?id=1465383&amp;o=node\" \/><\/p>\n<p>A conquista no salto veio com a m\u00e9dia de 14.616, depois dele marcar 14.600 e 14.633 nas duas tentativas. O ouro foi do ucraniano Igor Radivilov, com 14.866, e o bronze do turco Adem Asil, com 14.483.<\/p>\n<p>Na prova das argolas, Caio obteve a nota de 14.733 (8.533 de execu\u00e7\u00e3o e 6.2 de dificuldade). Somente o turco Adem Asil, com 14.900, ficou na frente do brasileiro. O azeri Nikita Simonov fechou o p\u00f3dio com a nota de 14.633.<\/p>\n<p>Na barra fixa, teve dois brasileiros no p\u00f3dio. Lucas Bitencourt e Caio Souza conquistaram a mesma nota, 14.266. Mas, como a nota de execu\u00e7\u00e3o do Bitencourt foi maior (8.566 contra 7.966), ele faturou a prata e o Caio ganhou o bronze. O croata Tin Srbic foi o melhor com 14.300.<\/p>\n<p>Nesse s\u00e1bado (11), Caio Souza j\u00e1 havia ido ao p\u00f3dio na prova do cavalo com al\u00e7as, ficando com a medalha de bronze.<\/p>\n<p><span style=\"font-weight: 400;\">Fonte: Ag\u00eancia Brasil <\/span><\/p>\n","protected":false},"excerpt":{"rendered":"<p>Caio Souza voltou a ser o destaque brasileiro neste domingo (12) na Copa do Mundo de gin\u00e1stica art\u00edstica em Osijek, na Cro\u00e1cia. Ele faturou tr\u00eas medalhas: prata no salto sobre a mesa e nas argolas e bronze na barra fixa. A conquista no salto veio com a m\u00e9dia de 14.616, depois dele marcar 14.600 e [&hellip;]<\/p>\n","protected":false},"author":246,"featured_media":200278,"comment_status":"closed","ping_status":"closed","sticky":false,"template":"","format":"standard","meta":{"footnotes":""},"categories":[436,257,439],"tags":[],"class_list":["post-200277","post","type-post","status-publish","format-standard","has-post-thumbnail","hentry","category-destaque-da-semana","category-esporte","category-ultima-hora"],"_links":{"self":[{"href":"https:\/\/diarioregionaldigital.com.br\/index.php?rest_route=\/wp\/v2\/posts\/200277","targetHints":{"allow":["GET"]}}],"collection":[{"href":"https:\/\/diarioregionaldigital.com.br\/index.php?rest_route=\/wp\/v2\/posts"}],"about":[{"href":"https:\/\/diarioregionaldigital.com.br\/index.php?rest_route=\/wp\/v2\/types\/post"}],"author":[{"embeddable":true,"href":"https:\/\/diarioregionaldigital.com.br\/index.php?rest_route=\/wp\/v2\/users\/246"}],"replies":[{"embeddable":true,"href":"https:\/\/diarioregionaldigital.com.br\/index.php?rest_route=%2Fwp%2Fv2%2Fcomments&post=200277"}],"version-history":[{"count":1,"href":"https:\/\/diarioregionaldigital.com.br\/index.php?rest_route=\/wp\/v2\/posts\/200277\/revisions"}],"predecessor-version":[{"id":200279,"href":"https:\/\/diarioregionaldigital.com.br\/index.php?rest_route=\/wp\/v2\/posts\/200277\/revisions\/200279"}],"wp:featuredmedia":[{"embeddable":true,"href":"https:\/\/diarioregionaldigital.com.br\/index.php?rest_route=\/wp\/v2\/media\/200278"}],"wp:attachment":[{"href":"https:\/\/diarioregionaldigital.com.br\/index.php?rest_route=%2Fwp%2Fv2%2Fmedia&parent=200277"}],"wp:term":[{"taxonomy":"category","embeddable":true,"href":"https:\/\/diarioregionaldigital.com.br\/index.php?rest_route=%2Fwp%2Fv2%2Fcategories&post=200277"},{"taxonomy":"post_tag","embeddable":true,"href":"https:\/\/diarioregionaldigital.com.br\/index.php?rest_route=%2Fwp%2Fv2%2Ftags&post=200277"}],"curies":[{"name":"wp","href":"https:\/\/api.w.org\/{rel}","templated":true}]}}