{"id":200271,"date":"2022-06-14T20:57:55","date_gmt":"2022-06-14T23:57:55","guid":{"rendered":"https:\/\/diarioregionaldigital.com.br\/?p=200271"},"modified":"2022-06-14T20:57:55","modified_gmt":"2022-06-14T23:57:55","slug":"vasco-apresenta-tecnico-mauricio-souza","status":"publish","type":"post","link":"https:\/\/diarioregionaldigital.com.br\/?p=200271","title":{"rendered":"Vasco apresenta t\u00e9cnico Maur\u00edcio Souza"},"content":{"rendered":"<p>O Vasco apresentou nesta ter\u00e7a-feira (14) o seu novo t\u00e9cnico, Maur\u00edcio Souza, que chega \u00e0 equipe de S\u00e3o Janu\u00e1rio para substituir Z\u00e9 Ricardo, que seguiu para o Shimizu S-Pulse (Jap\u00e3o).<img decoding=\"async\" src=\"https:\/\/agenciabrasil.ebc.com.br\/ebc.png?id=1465747&amp;o=node\" \/><img decoding=\"async\" src=\"https:\/\/agenciabrasil.ebc.com.br\/ebc.gif?id=1465747&amp;o=node\" \/><\/p>\n<p>Na entrevista coletiva concedida nesta ter\u00e7a, o treinador expressou a alegria de assumir o comando de sua equipe de cora\u00e7\u00e3o: \u201c\u00c9 diferente voc\u00ea trabalhar no clube em que voc\u00ea cresceu torcendo, indo ao Maracan\u00e3 [para acompanhar]. Estou me contendo aqui, mas estou muito feliz. \u00c9 o maior desafio da minha carreira, um sonho de crian\u00e7a. Estar dando esse entrevista nesse momento \u00e9 um sonho. O Vasco n\u00e3o \u00e9 um convite, \u00e9 uma convoca\u00e7\u00e3o\u201d.<\/p>\n<p>Maur\u00edcio Souza assume o Vasco tendo a companhia de seu auxiliar, o portugu\u00eas Jo\u00e3o Eduardo.<\/p>\n<p>A equipe de S\u00e3o Janu\u00e1rio volta a entrar em campo, pela S\u00e9rie B do Campeonato Brasileiro, contra o Londrina, no pr\u00f3ximo s\u00e1bado (18) a partir das 16h (hor\u00e1rio de Bras\u00edlia), no Est\u00e1dio do Caf\u00e9, em Londrina (PR).<\/p>\n<p><span style=\"font-weight: 400;\">Fonte: Ag\u00eancia Brasil <\/span><\/p>\n","protected":false},"excerpt":{"rendered":"<p>O Vasco apresentou nesta ter\u00e7a-feira (14) o seu novo t\u00e9cnico, Maur\u00edcio Souza, que chega \u00e0 equipe de S\u00e3o Janu\u00e1rio para substituir Z\u00e9 Ricardo, que seguiu para o Shimizu S-Pulse (Jap\u00e3o). Na entrevista coletiva concedida nesta ter\u00e7a, o treinador expressou a alegria de assumir o comando de sua equipe de cora\u00e7\u00e3o: \u201c\u00c9 diferente voc\u00ea trabalhar no [&hellip;]<\/p>\n","protected":false},"author":246,"featured_media":200272,"comment_status":"closed","ping_status":"closed","sticky":false,"template":"","format":"standard","meta":{"footnotes":""},"categories":[436,257,439],"tags":[],"class_list":["post-200271","post","type-post","status-publish","format-standard","has-post-thumbnail","hentry","category-destaque-da-semana","category-esporte","category-ultima-hora"],"_links":{"self":[{"href":"https:\/\/diarioregionaldigital.com.br\/index.php?rest_route=\/wp\/v2\/posts\/200271","targetHints":{"allow":["GET"]}}],"collection":[{"href":"https:\/\/diarioregionaldigital.com.br\/index.php?rest_route=\/wp\/v2\/posts"}],"about":[{"href":"https:\/\/diarioregionaldigital.com.br\/index.php?rest_route=\/wp\/v2\/types\/post"}],"author":[{"embeddable":true,"href":"https:\/\/diarioregionaldigital.com.br\/index.php?rest_route=\/wp\/v2\/users\/246"}],"replies":[{"embeddable":true,"href":"https:\/\/diarioregionaldigital.com.br\/index.php?rest_route=%2Fwp%2Fv2%2Fcomments&post=200271"}],"version-history":[{"count":1,"href":"https:\/\/diarioregionaldigital.com.br\/index.php?rest_route=\/wp\/v2\/posts\/200271\/revisions"}],"predecessor-version":[{"id":200273,"href":"https:\/\/diarioregionaldigital.com.br\/index.php?rest_route=\/wp\/v2\/posts\/200271\/revisions\/200273"}],"wp:featuredmedia":[{"embeddable":true,"href":"https:\/\/diarioregionaldigital.com.br\/index.php?rest_route=\/wp\/v2\/media\/200272"}],"wp:attachment":[{"href":"https:\/\/diarioregionaldigital.com.br\/index.php?rest_route=%2Fwp%2Fv2%2Fmedia&parent=200271"}],"wp:term":[{"taxonomy":"category","embeddable":true,"href":"https:\/\/diarioregionaldigital.com.br\/index.php?rest_route=%2Fwp%2Fv2%2Fcategories&post=200271"},{"taxonomy":"post_tag","embeddable":true,"href":"https:\/\/diarioregionaldigital.com.br\/index.php?rest_route=%2Fwp%2Fv2%2Ftags&post=200271"}],"curies":[{"name":"wp","href":"https:\/\/api.w.org\/{rel}","templated":true}]}}