{"id":200267,"date":"2022-06-14T20:56:06","date_gmt":"2022-06-14T23:56:06","guid":{"rendered":"https:\/\/diarioregionaldigital.com.br\/?p=200267"},"modified":"2022-06-14T20:56:06","modified_gmt":"2022-06-14T23:56:06","slug":"gabriel-araujo-conquista-ouro-no-mundial-de-natacao-paralimpica","status":"publish","type":"post","link":"https:\/\/diarioregionaldigital.com.br\/?p=200267","title":{"rendered":"Gabriel Ara\u00fajo conquista ouro no Mundial de Nata\u00e7\u00e3o Paral\u00edmpica"},"content":{"rendered":"<p>O brasileiro Gabriel Ara\u00fajo brilhou nesta ter\u00e7a-feira (14) ao conquistar a medalha de ouro dos 100 metros costas (classe S2) do Mundial de Nata\u00e7\u00e3o Paral\u00edmpica, que \u00e9 disputado na Ilha da Madeira (Portugal), com o tempo de 1min57s69. Com esta performance ele tamb\u00e9m bateu o recorde da prova.<img decoding=\"async\" src=\"https:\/\/agenciabrasil.ebc.com.br\/ebc.png?id=1465727&amp;o=node\" \/><img decoding=\"async\" src=\"https:\/\/agenciabrasil.ebc.com.br\/ebc.gif?id=1465727&amp;o=node\" \/><\/p>\n<p>Gabrielzinho, que foi um dos destaques do Brasil na \u00faltima edi\u00e7\u00e3o dos Jogos Paral\u00edmpicos (com ouros nos 200 metros livre e 50 metros costas), ainda volta a cair na \u00e1gua na competi\u00e7\u00e3o, justamente nas provas em que brilhou em T\u00f3quio.<\/p>\n<p>O mundial conta com a presen\u00e7a de mais de 600 atletas de 70 pa\u00edses. \u00c9 o primeiro evento de grande porte da modalidade no ciclo para os Jogos Paral\u00edmpicos de Paris, na Fran\u00e7a, em 2024.<\/p>\n<p><span style=\"font-weight: 400;\">Fonte: Ag\u00eancia Brasil\u00a0<\/span><span style=\"font-weight: 400;\"><br \/>\n<\/span><\/p>\n","protected":false},"excerpt":{"rendered":"<p>O brasileiro Gabriel Ara\u00fajo brilhou nesta ter\u00e7a-feira (14) ao conquistar a medalha de ouro dos 100 metros costas (classe S2) do Mundial de Nata\u00e7\u00e3o Paral\u00edmpica, que \u00e9 disputado na Ilha da Madeira (Portugal), com o tempo de 1min57s69. Com esta performance ele tamb\u00e9m bateu o recorde da prova. Gabrielzinho, que foi um dos destaques do [&hellip;]<\/p>\n","protected":false},"author":246,"featured_media":200268,"comment_status":"closed","ping_status":"closed","sticky":false,"template":"","format":"standard","meta":{"footnotes":""},"categories":[436,440,257,439],"tags":[],"class_list":["post-200267","post","type-post","status-publish","format-standard","has-post-thumbnail","hentry","category-destaque-da-semana","category-destaques-do-dia","category-esporte","category-ultima-hora"],"_links":{"self":[{"href":"https:\/\/diarioregionaldigital.com.br\/index.php?rest_route=\/wp\/v2\/posts\/200267","targetHints":{"allow":["GET"]}}],"collection":[{"href":"https:\/\/diarioregionaldigital.com.br\/index.php?rest_route=\/wp\/v2\/posts"}],"about":[{"href":"https:\/\/diarioregionaldigital.com.br\/index.php?rest_route=\/wp\/v2\/types\/post"}],"author":[{"embeddable":true,"href":"https:\/\/diarioregionaldigital.com.br\/index.php?rest_route=\/wp\/v2\/users\/246"}],"replies":[{"embeddable":true,"href":"https:\/\/diarioregionaldigital.com.br\/index.php?rest_route=%2Fwp%2Fv2%2Fcomments&post=200267"}],"version-history":[{"count":2,"href":"https:\/\/diarioregionaldigital.com.br\/index.php?rest_route=\/wp\/v2\/posts\/200267\/revisions"}],"predecessor-version":[{"id":200270,"href":"https:\/\/diarioregionaldigital.com.br\/index.php?rest_route=\/wp\/v2\/posts\/200267\/revisions\/200270"}],"wp:featuredmedia":[{"embeddable":true,"href":"https:\/\/diarioregionaldigital.com.br\/index.php?rest_route=\/wp\/v2\/media\/200268"}],"wp:attachment":[{"href":"https:\/\/diarioregionaldigital.com.br\/index.php?rest_route=%2Fwp%2Fv2%2Fmedia&parent=200267"}],"wp:term":[{"taxonomy":"category","embeddable":true,"href":"https:\/\/diarioregionaldigital.com.br\/index.php?rest_route=%2Fwp%2Fv2%2Fcategories&post=200267"},{"taxonomy":"post_tag","embeddable":true,"href":"https:\/\/diarioregionaldigital.com.br\/index.php?rest_route=%2Fwp%2Fv2%2Ftags&post=200267"}],"curies":[{"name":"wp","href":"https:\/\/api.w.org\/{rel}","templated":true}]}}