{"id":200260,"date":"2022-06-14T20:46:08","date_gmt":"2022-06-14T23:46:08","guid":{"rendered":"https:\/\/diarioregionaldigital.com.br\/?p=200260"},"modified":"2022-06-14T20:46:08","modified_gmt":"2022-06-14T23:46:08","slug":"governo-de-minas-concede-isencao-de-icms-sobre-garrafas-de-vidro-usadas","status":"publish","type":"post","link":"https:\/\/diarioregionaldigital.com.br\/?p=200260","title":{"rendered":"Governo de Minas concede isen\u00e7\u00e3o de ICMS sobre garrafas de vidro usadas"},"content":{"rendered":"<p>Evitar o descarte de vasilhames na natureza e ao mesmo tempo proporcionar \u00e0 ind\u00fastria de bebidas redu\u00e7\u00e3o de custos na aquisi\u00e7\u00e3o de recipientes para envase. Esses s\u00e3o alguns dos benef\u00edcios esperados pelo\u00a0<a href=\"http:\/\/www.mg.gov.br\/\" target=\"_blank\" rel=\"noopener\">Governo de Minas<\/a>\u00a0com a publica\u00e7\u00e3o do Decreto 48.440\/2022, no\u00a0<a href=\"http:\/\/www.jornalminasgerais.mg.gov.br\/\" target=\"_blank\" rel=\"noopener\">Di\u00e1rio Oficial<\/a>\u00a0desta ter\u00e7a-feira (14\/6). A norma, elaborada pela\u00a0<a href=\"http:\/\/www.fazenda.mg.gov.br\/\" target=\"_blank\" rel=\"noopener\">Secretaria de Estado de Fazenda (SEF)<\/a>, determina a isen\u00e7\u00e3o do Imposto sobre Circula\u00e7\u00e3o de Mercadorias e Servi\u00e7os (ICMS) nas opera\u00e7\u00f5es com garrafas de vidro usadas, j\u00e1 utilizadas como vasilhames de bebidas alco\u00f3licas.<\/p>\n<p>O governador Romeu Zema destaca a import\u00e2ncia da medida, tanto\u00a0ambiental quanto economicamente, e considera mais um avan\u00e7o na legisla\u00e7\u00e3o tribut\u00e1ria mineira.<\/p>\n<p>&#8220;Pelo vi\u00e9s ambiental, estamos evitando o descarte de vasilhames na natureza, o que pode significar a preven\u00e7\u00e3o de doen\u00e7as diversas que s\u00e3o causadas pelos vetores presentes nos res\u00edduos s\u00f3lidos. Pelo vi\u00e9s econ\u00f4mico, as ind\u00fastrias poder\u00e3o reutilizar esses vasilhames no envase de produtos novos, o que trar\u00e1 um ganho sens\u00edvel de log\u00edstica e de custos de produ\u00e7\u00e3o, com possibilidade de redu\u00e7\u00e3o de pre\u00e7os ao consumidor final&#8221;, avalia.<\/p>\n<p>Na pr\u00e1tica, explica o secret\u00e1rio de Fazenda, Gustavo Barbosa, a inten\u00e7\u00e3o \u00e9 que a ind\u00fastria se sinta estimulada a recolher, junto aos revendedores de bebidas, os vasilhames usados. Ele lembra que, atualmente, o mercado industrial consome mais vasilhames de vidro do que a capacidade interna de fabrica\u00e7\u00e3o, o que leva, inclusive, \u00e0 importa\u00e7\u00e3o dessas embalagens, gerando riqueza e emprego em outros pa\u00edses.<\/p>\n<p>O Decreto Estadual 48.440\/2022 est\u00e1 fundamentado no Conv\u00eanio ICMS 41\/22, aprovado no Conselho Nacional de Pol\u00edtica Fazend\u00e1ria (Confaz).<\/p>\n<p><span style=\"font-weight: 400;\">Fonte: Ag\u00eancia Minas <\/span><\/p>\n","protected":false},"excerpt":{"rendered":"<p>Evitar o descarte de vasilhames na natureza e ao mesmo tempo proporcionar \u00e0 ind\u00fastria de bebidas redu\u00e7\u00e3o de custos na aquisi\u00e7\u00e3o de recipientes para envase. Esses s\u00e3o alguns dos benef\u00edcios esperados pelo\u00a0Governo de Minas\u00a0com a publica\u00e7\u00e3o do Decreto 48.440\/2022, no\u00a0Di\u00e1rio Oficial\u00a0desta ter\u00e7a-feira (14\/6). A norma, elaborada pela\u00a0Secretaria de Estado de Fazenda (SEF), determina a isen\u00e7\u00e3o [&hellip;]<\/p>\n","protected":false},"author":246,"featured_media":200261,"comment_status":"closed","ping_status":"closed","sticky":false,"template":"","format":"standard","meta":{"footnotes":""},"categories":[436,254,439],"tags":[],"class_list":["post-200260","post","type-post","status-publish","format-standard","has-post-thumbnail","hentry","category-destaque-da-semana","category-politica","category-ultima-hora"],"_links":{"self":[{"href":"https:\/\/diarioregionaldigital.com.br\/index.php?rest_route=\/wp\/v2\/posts\/200260","targetHints":{"allow":["GET"]}}],"collection":[{"href":"https:\/\/diarioregionaldigital.com.br\/index.php?rest_route=\/wp\/v2\/posts"}],"about":[{"href":"https:\/\/diarioregionaldigital.com.br\/index.php?rest_route=\/wp\/v2\/types\/post"}],"author":[{"embeddable":true,"href":"https:\/\/diarioregionaldigital.com.br\/index.php?rest_route=\/wp\/v2\/users\/246"}],"replies":[{"embeddable":true,"href":"https:\/\/diarioregionaldigital.com.br\/index.php?rest_route=%2Fwp%2Fv2%2Fcomments&post=200260"}],"version-history":[{"count":1,"href":"https:\/\/diarioregionaldigital.com.br\/index.php?rest_route=\/wp\/v2\/posts\/200260\/revisions"}],"predecessor-version":[{"id":200262,"href":"https:\/\/diarioregionaldigital.com.br\/index.php?rest_route=\/wp\/v2\/posts\/200260\/revisions\/200262"}],"wp:featuredmedia":[{"embeddable":true,"href":"https:\/\/diarioregionaldigital.com.br\/index.php?rest_route=\/wp\/v2\/media\/200261"}],"wp:attachment":[{"href":"https:\/\/diarioregionaldigital.com.br\/index.php?rest_route=%2Fwp%2Fv2%2Fmedia&parent=200260"}],"wp:term":[{"taxonomy":"category","embeddable":true,"href":"https:\/\/diarioregionaldigital.com.br\/index.php?rest_route=%2Fwp%2Fv2%2Fcategories&post=200260"},{"taxonomy":"post_tag","embeddable":true,"href":"https:\/\/diarioregionaldigital.com.br\/index.php?rest_route=%2Fwp%2Fv2%2Ftags&post=200260"}],"curies":[{"name":"wp","href":"https:\/\/api.w.org\/{rel}","templated":true}]}}