{"id":200257,"date":"2022-06-14T20:43:56","date_gmt":"2022-06-14T23:43:56","guid":{"rendered":"https:\/\/diarioregionaldigital.com.br\/?p=200257"},"modified":"2022-06-14T20:43:56","modified_gmt":"2022-06-14T23:43:56","slug":"seguranca-publica-expande-projeto-comagente","status":"publish","type":"post","link":"https:\/\/diarioregionaldigital.com.br\/?p=200257","title":{"rendered":"Seguran\u00e7a P\u00fablica expande projeto ComAgente"},"content":{"rendered":"<p>Seguran\u00e7a p\u00fablica cidad\u00e3 \u00e9 feita com a participa\u00e7\u00e3o da comunidade. Este \u00e9 o lema do projeto ComAgente, executado como piloto pela Subsecretaria de Preven\u00e7\u00e3o \u00e0 Criminalidade, da\u00a0<a href=\"http:\/\/www.seguranca.mg.gov.br\/\" target=\"_blank\" rel=\"noopener\">Secretaria de Estado de Justi\u00e7a e Seguran\u00e7a P\u00fablica (Sejusp)<\/a>\u00a0desde setembro de 2021.<\/p>\n<p>O \u00a0ComAgente atua em territ\u00f3rios atendidos pelo Programa Media\u00e7\u00e3o de Conflitos (PMC), tamb\u00e9m operacionalizado pela Subsecretaria de Preven\u00e7\u00e3o \u00e0 Criminalidade, com a atua\u00e7\u00e3o de mulheres que trabalham como oficineiras, sendo o elo entre comunidade e poder p\u00fablico.<\/p>\n<p>O objetivo \u00e9 aprofundar a participa\u00e7\u00e3o das refer\u00eancias comunit\u00e1rias nas pr\u00e1ticas de interven\u00e7\u00e3o e em conformidade com as pol\u00edticas e pr\u00e1ticas do PMC. Tamb\u00e9m busca potencializar a mobiliza\u00e7\u00e3o e participa\u00e7\u00e3o social, com interven\u00e7\u00f5es direcionadas para o enfrentamento \u00e0s viol\u00eancias e \u00e0 criminalidade; e o fortalecimento da media\u00e7\u00e3o comunit\u00e1ria como estrat\u00e9gia de seguran\u00e7a cidad\u00e3.<\/p>\n<p>As oficineiras, que s\u00e3o capacitadas para ajudar a lidar com os conflitos, dilemas e situa\u00e7\u00f5es de viol\u00eancia de cidadania, atuam nos territ\u00f3rios oferecendo os servi\u00e7os para mais moradores.<\/p>\n<p>Em vias de finalizar a primeira etapa, o projeto contabiliza 7.862 atendimentos durante encontros coletivos, com participa\u00e7\u00e3o de cerca de 638 pessoas, por meio de interven\u00e7\u00f5es criativas e inovadoras, al\u00e9m da participa\u00e7\u00e3o ativa em espa\u00e7os de di\u00e1logo com a rede e de forma\u00e7\u00e3o do j\u00e1 conhecido Programa Media\u00e7\u00e3o de Conflitos.<\/p>\n<p>O sucesso do ComAgente nas seis \u00e1reas atendidas &#8211; tanto na capital quanto no interior &#8211; foi t\u00e3o grande que, no segundo semestre deste ano, o projeto se consolidar\u00e1 e ampliar\u00e1 atua\u00e7\u00e3o e abrang\u00eancia. Agora, al\u00e9m das Unidades de Preven\u00e7\u00e3o \u00e0 Criminalidade (UPCs) Turmalina (Governador Valadares); Olavo Costa (Juiz de Fora); Jardim Teres\u00f3polis (Betim); Palmital (Santa Luzia) e Serra e Taquaril (Belo Horizonte), outras seis UPCs contar\u00e3o com a\u00e7\u00f5es do projeto.<\/p>\n<p><strong>Protagonistas<\/strong><\/p>\n<p>Tatiane Lobenwein, diretora de Preven\u00e7\u00e3o Comunit\u00e1ria e Prote\u00e7\u00e3o \u00e0 Mulher, explica que, hoje, o Programa Media\u00e7\u00e3o de Conflitos conta com oficineiras atuando junto a mulheres, moradoras das \u00e1reas atendidas, fortalecendo o enfrentamento \u00e0s diversas viol\u00eancias, mas principalmente sendo protagonistas de mudan\u00e7a neste territ\u00f3rio atendido. \u201cA equipe t\u00e9cnica \u00e9 suporte para que as oficineiras possam fazer o trabalho com excel\u00eancia. Tivemos aumento significativo do n\u00famero de atendimentos e \u00e9 por isso que estamos ampliando as oficinas para mais territ\u00f3rios. Consolidamos agora o ComAgente como uma metodologia do Programa de Media\u00e7\u00e3o de Conflitos\u201d, pontua Tatiane.<\/p>\n<p>As mulheres recebem pelo trabalho um aux\u00edlio\/bolsa no valor de R$1.030 para execu\u00e7\u00e3o das atividades, e contam com o acompanhamento das equipes do Media\u00e7\u00e3o de Conflitos. A partir de julho de 2022, sustentado pelos resultados alcan\u00e7ados, o projeto atuar\u00e1 nas Unidades de Preven\u00e7\u00e3o \u00e0 Criminalidade Pedreira Prado Lopes, Ribeiro de Abreu e Vila Pinho, em Belo Horizonte; Nova Contagem, em Contagem; Morumbi, em Uberl\u00e2ndia e Santos Reis, em Montes Claros. O projeto \u00e9 realizado em parceria com o Instituto Elo.<\/p>\n<p><span style=\"font-weight: 400;\">Fonte: Ag\u00eancia Minas <\/span><\/p>\n","protected":false},"excerpt":{"rendered":"<p>Seguran\u00e7a p\u00fablica cidad\u00e3 \u00e9 feita com a participa\u00e7\u00e3o da comunidade. Este \u00e9 o lema do projeto ComAgente, executado como piloto pela Subsecretaria de Preven\u00e7\u00e3o \u00e0 Criminalidade, da\u00a0Secretaria de Estado de Justi\u00e7a e Seguran\u00e7a P\u00fablica (Sejusp)\u00a0desde setembro de 2021. O \u00a0ComAgente atua em territ\u00f3rios atendidos pelo Programa Media\u00e7\u00e3o de Conflitos (PMC), tamb\u00e9m operacionalizado pela Subsecretaria de [&hellip;]<\/p>\n","protected":false},"author":246,"featured_media":200258,"comment_status":"closed","ping_status":"closed","sticky":false,"template":"","format":"standard","meta":{"footnotes":""},"categories":[436,254,439],"tags":[],"class_list":["post-200257","post","type-post","status-publish","format-standard","has-post-thumbnail","hentry","category-destaque-da-semana","category-politica","category-ultima-hora"],"_links":{"self":[{"href":"https:\/\/diarioregionaldigital.com.br\/index.php?rest_route=\/wp\/v2\/posts\/200257","targetHints":{"allow":["GET"]}}],"collection":[{"href":"https:\/\/diarioregionaldigital.com.br\/index.php?rest_route=\/wp\/v2\/posts"}],"about":[{"href":"https:\/\/diarioregionaldigital.com.br\/index.php?rest_route=\/wp\/v2\/types\/post"}],"author":[{"embeddable":true,"href":"https:\/\/diarioregionaldigital.com.br\/index.php?rest_route=\/wp\/v2\/users\/246"}],"replies":[{"embeddable":true,"href":"https:\/\/diarioregionaldigital.com.br\/index.php?rest_route=%2Fwp%2Fv2%2Fcomments&post=200257"}],"version-history":[{"count":1,"href":"https:\/\/diarioregionaldigital.com.br\/index.php?rest_route=\/wp\/v2\/posts\/200257\/revisions"}],"predecessor-version":[{"id":200259,"href":"https:\/\/diarioregionaldigital.com.br\/index.php?rest_route=\/wp\/v2\/posts\/200257\/revisions\/200259"}],"wp:featuredmedia":[{"embeddable":true,"href":"https:\/\/diarioregionaldigital.com.br\/index.php?rest_route=\/wp\/v2\/media\/200258"}],"wp:attachment":[{"href":"https:\/\/diarioregionaldigital.com.br\/index.php?rest_route=%2Fwp%2Fv2%2Fmedia&parent=200257"}],"wp:term":[{"taxonomy":"category","embeddable":true,"href":"https:\/\/diarioregionaldigital.com.br\/index.php?rest_route=%2Fwp%2Fv2%2Fcategories&post=200257"},{"taxonomy":"post_tag","embeddable":true,"href":"https:\/\/diarioregionaldigital.com.br\/index.php?rest_route=%2Fwp%2Fv2%2Ftags&post=200257"}],"curies":[{"name":"wp","href":"https:\/\/api.w.org\/{rel}","templated":true}]}}