{"id":200254,"date":"2022-06-14T20:41:07","date_gmt":"2022-06-14T23:41:07","guid":{"rendered":"https:\/\/diarioregionaldigital.com.br\/?p=200254"},"modified":"2022-06-14T20:41:07","modified_gmt":"2022-06-14T23:41:07","slug":"governo-de-minas-decreta-a-serra-do-curral-como-bem-de-relevante-interesse-cultural-do-estado-e-determina-sequencia-no-tombamento","status":"publish","type":"post","link":"https:\/\/diarioregionaldigital.com.br\/?p=200254","title":{"rendered":"Governo de Minas decreta a Serra do Curral como bem de relevante interesse cultural do estado e determina sequ\u00eancia no tombamento"},"content":{"rendered":"<p>O governador Romeu Zema assinou, nesta ter\u00e7a-feira (14\/6), o decreto que reconhece a Serra do Curral como \u00e1rea de relevante interesse cultural do estado em fun\u00e7\u00e3o de seu valor hist\u00f3rico, paisag\u00edstico, art\u00edstico, arqueol\u00f3gico, paleontol\u00f3gico, ecol\u00f3gico e cient\u00edfico. Em a\u00e7\u00e3o conjunta, o governador tamb\u00e9m assinou despacho que determina \u00e0s secretarias de Estado de\u00a0<a href=\"https:\/\/www.secult.mg.gov.br\/\" target=\"_blank\" rel=\"noopener\">Cultura e Turismo (Secult)<\/a>\u00a0e de\u00a0<a href=\"http:\/\/www.meioambiente.mg.gov.br\/\" target=\"_blank\" rel=\"noopener\">Meio Ambiente e Desenvolvimento Sustent\u00e1vel (Semad)<\/a>\u00a0que deem sequ\u00eancia \u00e0 prote\u00e7\u00e3o do bem.<\/p>\n<p>\u201cSeguiremos ouvindo as cidades, os \u00f3rg\u00e3os de controle e a sociedade civil. Vamos fazer um tombamento com respaldo legal e efetivo.\u00a0 Faremos a prote\u00e7\u00e3o permanente, com regras claras e sem margens para d\u00favidas, para que a Serra do Curral atravesse gera\u00e7\u00f5es como o cart\u00e3o-postal de Belo Horizonte\u201d, afirma o governador.<\/p>\n<p>O decreto tem abrang\u00eancia sobre a Serra do Curral nos munic\u00edpios de Belo Horizonte, Nova Lima e Sabar\u00e1 e \u00e9 mais um passo em dire\u00e7\u00e3o ao tombamento da regi\u00e3o. O artigo 2\u00ba prev\u00ea que a \u00e1rea poder\u00e1, a \u201ccrit\u00e9rio dos \u00f3rg\u00e3os e entidades respons\u00e1veis pela pol\u00edtica ambiental e de patrim\u00f4nio cultural do Estado, ser objeto de prote\u00e7\u00e3o espec\u00edfica, por meio de invent\u00e1rio, tombamento, registro ou de outras iniciativas e procedimentos administrativos pertinentes, conforme a legisla\u00e7\u00e3o aplic\u00e1vel\u201d.<\/p>\n<p><strong>Tombamento<\/strong><\/p>\n<p>J\u00e1 seguindo nessa dire\u00e7\u00e3o, o governador assinou despacho governamental em que determina a\u00e7\u00e3o em tr\u00eas \u00e2mbitos sobre a prote\u00e7\u00e3o da Serra do Curral.<\/p>\n<p>O governador pede que o\u00a0<a href=\"http:\/\/www.iepha.mg.gov.br\/\" target=\"_blank\" rel=\"noopener\">Instituto Estadual do Patrim\u00f4nio Hist\u00f3rico e Art\u00edstico de Minas Gerais (Iepha)<\/a>\u00a0e a<a href=\"https:\/\/advocaciageral.mg.gov.br\/\" target=\"_blank\" rel=\"noopener\">\u00a0Advocacia Geral do Estado (AGE)<\/a>\u00a0avaliem o\u00a0\u00a0 acautelamento preliminar da Serra do Curral. Esse \u00e9 um instrumento que visa garantir prote\u00e7\u00e3o ao bem cultural at\u00e9 que seja efetivado o tombamento provis\u00f3rio, com todas as suas diretrizes, e o tombamento definitivo.<\/p>\n<p>O governador solicita, ainda, que a Secretaria de Estado de Cultura e Turismo designe o relator dentro do Conselho Estadual de Patrim\u00f4nio Cultural (Conep), que ir\u00e1 analisar o estado atual do dossi\u00ea de tombamento. O relator fica respons\u00e1vel por elaborar proposta para estabelecer diretrizes ao tombamento provis\u00f3rio da Serra do Curral.<\/p>\n<p>O documento ser\u00e1 apresentado e votado pelos membros do conselho. O Conep \u00e9 um \u00f3rg\u00e3o colegiado de natureza deliberativa. \u00c9 da compet\u00eancia deste conselho deliberar sobre diretrizes, pol\u00edticas e outras medidas correlatas \u00e0 defesa e preserva\u00e7\u00e3o do patrim\u00f4nio cultural do Estado de Minas Gerais. S\u00f3 ele tem a autoridade para fazer tombamentos no \u00e2mbito estadual.<\/p>\n<p><strong>Parque Metropolitano<\/strong><\/p>\n<p>Por fim, o governador estabelece como prioridade \u00e0 Semad a realiza\u00e7\u00e3o de estudos junto ao Instituto Estadual de Florestas para cria\u00e7\u00e3o de uma Unidade de Conserva\u00e7\u00e3o. A ideia \u00e9 que a \u00e1rea possa ser institu\u00edda como Parque Metropolitano da Serra do Curral, que englobe territ\u00f3rios das cidades envolvidas.<\/p>\n<p><strong>Hist\u00f3rico<\/strong><\/p>\n<p>As a\u00e7\u00f5es determinadas nesta ter\u00e7a-feira d\u00e3o sequ\u00eancia ao trabalho realizado pela Comiss\u00e3o Intergovernamental, que foi criada pelo<a href=\"https:\/\/www.mg.gov.br\/\" target=\"_blank\" rel=\"noopener\">\u00a0Governo do Estado<\/a>\u00a0em janeiro deste ano para finalizar o processo de an\u00e1lise de tombamento estadual da Serra do Curral.<\/p>\n<p>Com as an\u00e1lises sobre as contribui\u00e7\u00f5es obtidas pela comiss\u00e3o, o relat\u00f3rio de tombamento provis\u00f3rio a ser apresentado buscar\u00e1 um entendimento junto \u00e0s prefeituras envolvidas, \u00f3rg\u00e3os de controle e sociedade civil para criar par\u00e2metros e diretrizes para o tombamento. Ap\u00f3s ser submetido \u00e0 vota\u00e7\u00e3o no Conep, o que se busca alcan\u00e7ar \u00e9 a prote\u00e7\u00e3o efetiva do conjunto paisag\u00edstico da Serra do Curral, com seguran\u00e7a jur\u00eddica para aplica\u00e7\u00e3o das restri\u00e7\u00f5es no per\u00edmetro a ser definido.<\/p>\n<p><span style=\"font-weight: 400;\"><br \/>\n<\/span><span style=\"font-weight: 400;\">Fonte: Ag\u00eancia Minas\u00a0<\/span><span style=\"font-weight: 400;\"><br \/>\n<\/span><\/p>\n","protected":false},"excerpt":{"rendered":"<p>O governador Romeu Zema assinou, nesta ter\u00e7a-feira (14\/6), o decreto que reconhece a Serra do Curral como \u00e1rea de relevante interesse cultural do estado em fun\u00e7\u00e3o de seu valor hist\u00f3rico, paisag\u00edstico, art\u00edstico, arqueol\u00f3gico, paleontol\u00f3gico, ecol\u00f3gico e cient\u00edfico. Em a\u00e7\u00e3o conjunta, o governador tamb\u00e9m assinou despacho que determina \u00e0s secretarias de Estado de\u00a0Cultura e Turismo (Secult)\u00a0e [&hellip;]<\/p>\n","protected":false},"author":246,"featured_media":200255,"comment_status":"closed","ping_status":"closed","sticky":false,"template":"","format":"standard","meta":{"footnotes":""},"categories":[436,440,254,439],"tags":[],"class_list":["post-200254","post","type-post","status-publish","format-standard","has-post-thumbnail","hentry","category-destaque-da-semana","category-destaques-do-dia","category-politica","category-ultima-hora"],"_links":{"self":[{"href":"https:\/\/diarioregionaldigital.com.br\/index.php?rest_route=\/wp\/v2\/posts\/200254","targetHints":{"allow":["GET"]}}],"collection":[{"href":"https:\/\/diarioregionaldigital.com.br\/index.php?rest_route=\/wp\/v2\/posts"}],"about":[{"href":"https:\/\/diarioregionaldigital.com.br\/index.php?rest_route=\/wp\/v2\/types\/post"}],"author":[{"embeddable":true,"href":"https:\/\/diarioregionaldigital.com.br\/index.php?rest_route=\/wp\/v2\/users\/246"}],"replies":[{"embeddable":true,"href":"https:\/\/diarioregionaldigital.com.br\/index.php?rest_route=%2Fwp%2Fv2%2Fcomments&post=200254"}],"version-history":[{"count":1,"href":"https:\/\/diarioregionaldigital.com.br\/index.php?rest_route=\/wp\/v2\/posts\/200254\/revisions"}],"predecessor-version":[{"id":200256,"href":"https:\/\/diarioregionaldigital.com.br\/index.php?rest_route=\/wp\/v2\/posts\/200254\/revisions\/200256"}],"wp:featuredmedia":[{"embeddable":true,"href":"https:\/\/diarioregionaldigital.com.br\/index.php?rest_route=\/wp\/v2\/media\/200255"}],"wp:attachment":[{"href":"https:\/\/diarioregionaldigital.com.br\/index.php?rest_route=%2Fwp%2Fv2%2Fmedia&parent=200254"}],"wp:term":[{"taxonomy":"category","embeddable":true,"href":"https:\/\/diarioregionaldigital.com.br\/index.php?rest_route=%2Fwp%2Fv2%2Fcategories&post=200254"},{"taxonomy":"post_tag","embeddable":true,"href":"https:\/\/diarioregionaldigital.com.br\/index.php?rest_route=%2Fwp%2Fv2%2Ftags&post=200254"}],"curies":[{"name":"wp","href":"https:\/\/api.w.org\/{rel}","templated":true}]}}