{"id":200251,"date":"2022-06-14T20:35:23","date_gmt":"2022-06-14T23:35:23","guid":{"rendered":"https:\/\/diarioregionaldigital.com.br\/?p=200251"},"modified":"2022-06-14T20:35:23","modified_gmt":"2022-06-14T23:35:23","slug":"micro-e-pequenos-empresarios-mantem-otimismo-pelo-quarto-mes-seguido","status":"publish","type":"post","link":"https:\/\/diarioregionaldigital.com.br\/?p=200251","title":{"rendered":"Micro e pequenos empres\u00e1rios mant\u00eam otimismo pelo quarto m\u00eas seguido"},"content":{"rendered":"<p>O otimismo dos donos de micro e pequenas empresas segue em alta pelo quarto m\u00eas consecutivo. De acordo com o\u00a0Servi\u00e7o Brasileiro de Apoio \u00e0s Micro e Pequenas Empresas (Sebrae), o \u00edndice de confian\u00e7a do micro e pequeno empres\u00e1rio (IC-MPE) avan\u00e7ou 1,8 ponto em maio, chegando a 98,1 pontos, o maior n\u00edvel desde outubro de 2021, quando indicou 98,9 pontos. Os dados fazem parte da\u00a0Sondagem Econ\u00f4mica das Micro e Pequenas Empresas, realizada em parceria com a Funda\u00e7\u00e3o Getulio Vargas (FGV).<img decoding=\"async\" src=\"https:\/\/agenciabrasil.ebc.com.br\/ebc.png?id=1465685&amp;o=node\" \/><img decoding=\"async\" src=\"https:\/\/agenciabrasil.ebc.com.br\/ebc.gif?id=1465685&amp;o=node\" \/><\/p>\n<p>Na avalia\u00e7\u00e3o do Sebrae, a maior circula\u00e7\u00e3o de pessoas, ap\u00f3s dois anos de confinamento em raz\u00e3o da pandemia de covid-19, a melhora no desempenho das vendas, bem como a prorroga\u00e7\u00e3o do Programa Nacional de Apoio \u00e0s Microempresas e Empresas de Pequeno Porte (Pronampe) at\u00e9 2024, pesaram na percep\u00e7\u00e3o positiva dos empres\u00e1rios.<\/p>\n<p>\u201cA cont\u00ednua recupera\u00e7\u00e3o da confian\u00e7a foi observada em todos os setores pesquisados: com\u00e9rcio, servi\u00e7os e ind\u00fastria de transforma\u00e7\u00e3o\u201d, disse o Sebrae.<\/p>\n<p>Entre os setores, o com\u00e9rcio foi o que obteve mais destaque. Ap\u00f3s registrar queda em abril, a confian\u00e7as dos empres\u00e1rios desse segmento voltou a subir em maio. O \u00edndice apresentou eleva\u00e7\u00e3o de 5,5 pontos, fechando o m\u00eas em 91,4 pontos, o maior n\u00edvel desde outubro de 2021 (92,9 pontos).<\/p>\n<p>No setor de servi\u00e7os, a atividade de transporte foi a que mais\u00a0se destacou. Outro setor que ganhou espa\u00e7o foi o de servi\u00e7os profissionais e servi\u00e7os prestados \u00e0s fam\u00edlias. J\u00e1 a ind\u00fastria de transforma\u00e7\u00e3o se manteve em um patamar neutro, mas\u00a0com destaque para o vestu\u00e1rio que trouxe um \u00edndice de confian\u00e7a positivo.<\/p>\n<p>De acordo com o presidente do Sebrae, Carlos Melles, o \u00e2nimo dos empres\u00e1rios foi influenciado tanto pela situa\u00e7\u00e3o atual quanto pelas expectativas de curto prazo. Melles, entretanto, pondera que ainda \u00e9 preciso\u00a0ter\u00a0cautela.<\/p>\n<p>\u201cMesmo com esse cen\u00e1rio de melhora no \u00e2nimo por parte das empresas, a parcim\u00f4nia tem sempre que prevalecer, j\u00e1 que ainda enfrentamos problemas conjunturais, como a escassez de insumos, progn\u00f3sticos de alta de infla\u00e7\u00e3o e taxas de juros\u201d, argumentou.<\/p>\n<p><span style=\"font-weight: 400;\">Fonte: Ag\u00eancia Brasil <\/span><\/p>\n","protected":false},"excerpt":{"rendered":"<p>O otimismo dos donos de micro e pequenas empresas segue em alta pelo quarto m\u00eas consecutivo. De acordo com o\u00a0Servi\u00e7o Brasileiro de Apoio \u00e0s Micro e Pequenas Empresas (Sebrae), o \u00edndice de confian\u00e7a do micro e pequeno empres\u00e1rio (IC-MPE) avan\u00e7ou 1,8 ponto em maio, chegando a 98,1 pontos, o maior n\u00edvel desde outubro de 2021, [&hellip;]<\/p>\n","protected":false},"author":246,"featured_media":200252,"comment_status":"closed","ping_status":"closed","sticky":false,"template":"","format":"standard","meta":{"footnotes":""},"categories":[436,261,439],"tags":[],"class_list":["post-200251","post","type-post","status-publish","format-standard","has-post-thumbnail","hentry","category-destaque-da-semana","category-economia","category-ultima-hora"],"_links":{"self":[{"href":"https:\/\/diarioregionaldigital.com.br\/index.php?rest_route=\/wp\/v2\/posts\/200251","targetHints":{"allow":["GET"]}}],"collection":[{"href":"https:\/\/diarioregionaldigital.com.br\/index.php?rest_route=\/wp\/v2\/posts"}],"about":[{"href":"https:\/\/diarioregionaldigital.com.br\/index.php?rest_route=\/wp\/v2\/types\/post"}],"author":[{"embeddable":true,"href":"https:\/\/diarioregionaldigital.com.br\/index.php?rest_route=\/wp\/v2\/users\/246"}],"replies":[{"embeddable":true,"href":"https:\/\/diarioregionaldigital.com.br\/index.php?rest_route=%2Fwp%2Fv2%2Fcomments&post=200251"}],"version-history":[{"count":1,"href":"https:\/\/diarioregionaldigital.com.br\/index.php?rest_route=\/wp\/v2\/posts\/200251\/revisions"}],"predecessor-version":[{"id":200253,"href":"https:\/\/diarioregionaldigital.com.br\/index.php?rest_route=\/wp\/v2\/posts\/200251\/revisions\/200253"}],"wp:featuredmedia":[{"embeddable":true,"href":"https:\/\/diarioregionaldigital.com.br\/index.php?rest_route=\/wp\/v2\/media\/200252"}],"wp:attachment":[{"href":"https:\/\/diarioregionaldigital.com.br\/index.php?rest_route=%2Fwp%2Fv2%2Fmedia&parent=200251"}],"wp:term":[{"taxonomy":"category","embeddable":true,"href":"https:\/\/diarioregionaldigital.com.br\/index.php?rest_route=%2Fwp%2Fv2%2Fcategories&post=200251"},{"taxonomy":"post_tag","embeddable":true,"href":"https:\/\/diarioregionaldigital.com.br\/index.php?rest_route=%2Fwp%2Fv2%2Ftags&post=200251"}],"curies":[{"name":"wp","href":"https:\/\/api.w.org\/{rel}","templated":true}]}}