{"id":200248,"date":"2022-06-14T20:32:42","date_gmt":"2022-06-14T23:32:42","guid":{"rendered":"https:\/\/diarioregionaldigital.com.br\/?p=200248"},"modified":"2022-06-14T20:32:42","modified_gmt":"2022-06-14T23:32:42","slug":"evento-na-b3-marca-inicio-da-privatizacao-da-eletrobras","status":"publish","type":"post","link":"https:\/\/diarioregionaldigital.com.br\/?p=200248","title":{"rendered":"Evento na B3 marca in\u00edcio da privatiza\u00e7\u00e3o da Eletrobras"},"content":{"rendered":"<p>O presidente da Rep\u00fablica Jair Bolsonaro e os ministros da Economia, Paulo Guedes, e de Minas e Energia, Adolfo Sachsida, participaram no in\u00edcio da tarde de hoje (14) da cerim\u00f4nia de toque de campainha da privatiza\u00e7\u00e3o da Eletrobras na B3, a Bolsa de Valores de S\u00e3o Paulo, no centro da capital paulista. Tamb\u00e9m estiveram presentes o presidente do Banco Nacional de Desenvolvimento Econ\u00f4mico e Social (BNDES), Gustavo Montezano e diversos ex-ministros do governo federal.<img decoding=\"async\" src=\"https:\/\/agenciabrasil.ebc.com.br\/ebc.png?id=1465675&amp;o=node\" \/><img decoding=\"async\" src=\"https:\/\/agenciabrasil.ebc.com.br\/ebc.gif?id=1465675&amp;o=node\" \/><\/p>\n<p>\u201cAgora a Eletrobras come\u00e7a uma nova fase, com novo modelo de governan\u00e7a e n\u00e3o tenho d\u00favidas que a Eletrobras est\u00e1 preparada para seguir seu papel de protagonista no setor el\u00e9trico\u201d, disse o presidente da Eletrobras, Rodrigo Limp Nascimento, durante a cerim\u00f4nia.<\/p>\n<p>Bolsonaro participou da cerim\u00f4nia, mas n\u00e3o discursou na B3. J\u00e1 o ministro Adolfo Sachsida disse que o dia de hoje \u00e9 hist\u00f3rico. \u201cHoje \u00e9 um dia hist\u00f3rico para nosso pa\u00eds. Sai de cena uma empresa estatal e entra a maior corpora\u00e7\u00e3o de energia renov\u00e1vel da Am\u00e9rica Latina, com capacidade de investimento renovada\u201d, disse ele.<\/p>\n<p>\u201cA miss\u00e3o \u00e9 deixar esse legado para gera\u00e7\u00f5es futuras. \u00c9 a maior empresa de gera\u00e7\u00e3o de energia limpa e renov\u00e1vel do mundo que est\u00e1 livre. \u00c9 como um filho que saiu de casa aos 18 anos e foi para a vida. E agora vai vencer e n\u00e3o precisa mais ficar sobre a prote\u00e7\u00e3o do Estado\u201d, disse o ministro Paulo Guedes. \u201cA Eletrobras agora est\u00e1 livre, est\u00e1 capitalizada, vai seguir e ela \u00e9 a garantia da seguran\u00e7a energ\u00e9tica do Brasil\u201d, acrescentou o ministro.<\/p>\n<p>A cerim\u00f4nia celebra a oferta de a\u00e7\u00f5es da Eletrobras, a maior empresa do setor el\u00e9trico da Am\u00e9rica Latina que, ap\u00f3s seis d\u00e9cadas, passou para o controle privado. O processo de privatiza\u00e7\u00e3o da Eletrobras ocorre por meio de ofertas de a\u00e7\u00f5es que diluem a participa\u00e7\u00e3o do governo na companhia. Ao fim do processo, a participa\u00e7\u00e3o do governo deve cair de 72% para 45%.<\/p>\n<p>Enquanto a cerim\u00f4nia acontecia na B3 e era celebrada pelos presentes, dezenas de pessoas se reuniam do lado de fora com faixas e bandeiras para protestar contra a privatiza\u00e7\u00e3o.<\/p>\n<p>Na semana passada, a Eletrobras\u00a0<a href=\"https:\/\/agenciabrasil.ebc.com.br\/economia\/noticia\/2022-06\/preco-unitario-da-acao-da-eletrobras-ficou-em-r-42\" target=\"_blank\" rel=\"noopener\">definiu o valor de cada a\u00e7\u00e3o<\/a>\u00a0em R$ 42. Segundo comunicado da p\u00e1gina da Comiss\u00e3o de Valores Mobili\u00e1rios (CVM), o processo de privatiza\u00e7\u00e3o da Eletrobras\u00a0<a href=\"https:\/\/agenciabrasil.ebc.com.br\/economia\/noticia\/2022-06\/cerca-de-um-terco-do-valor-reservado-eletrobras-voltara-ao-fgts\" target=\"_blank\" rel=\"noopener\">movimentou R$ 29,29 bilh\u00f5es<\/a>\u00a0at\u00e9 a semana passada.<\/p>\n<p>Ontem (13) come\u00e7ou a negocia\u00e7\u00e3o das a\u00e7\u00f5es da Eletrobras na B3 e os pap\u00e9is fecharam em queda.<\/p>\n<p><span style=\"font-weight: 400;\">Fonte: Ag\u00eancia Brasil <\/span><\/p>\n","protected":false},"excerpt":{"rendered":"<p>O presidente da Rep\u00fablica Jair Bolsonaro e os ministros da Economia, Paulo Guedes, e de Minas e Energia, Adolfo Sachsida, participaram no in\u00edcio da tarde de hoje (14) da cerim\u00f4nia de toque de campainha da privatiza\u00e7\u00e3o da Eletrobras na B3, a Bolsa de Valores de S\u00e3o Paulo, no centro da capital paulista. Tamb\u00e9m estiveram presentes [&hellip;]<\/p>\n","protected":false},"author":246,"featured_media":200249,"comment_status":"closed","ping_status":"closed","sticky":false,"template":"","format":"standard","meta":{"footnotes":""},"categories":[436,261,439],"tags":[],"class_list":["post-200248","post","type-post","status-publish","format-standard","has-post-thumbnail","hentry","category-destaque-da-semana","category-economia","category-ultima-hora"],"_links":{"self":[{"href":"https:\/\/diarioregionaldigital.com.br\/index.php?rest_route=\/wp\/v2\/posts\/200248","targetHints":{"allow":["GET"]}}],"collection":[{"href":"https:\/\/diarioregionaldigital.com.br\/index.php?rest_route=\/wp\/v2\/posts"}],"about":[{"href":"https:\/\/diarioregionaldigital.com.br\/index.php?rest_route=\/wp\/v2\/types\/post"}],"author":[{"embeddable":true,"href":"https:\/\/diarioregionaldigital.com.br\/index.php?rest_route=\/wp\/v2\/users\/246"}],"replies":[{"embeddable":true,"href":"https:\/\/diarioregionaldigital.com.br\/index.php?rest_route=%2Fwp%2Fv2%2Fcomments&post=200248"}],"version-history":[{"count":1,"href":"https:\/\/diarioregionaldigital.com.br\/index.php?rest_route=\/wp\/v2\/posts\/200248\/revisions"}],"predecessor-version":[{"id":200250,"href":"https:\/\/diarioregionaldigital.com.br\/index.php?rest_route=\/wp\/v2\/posts\/200248\/revisions\/200250"}],"wp:featuredmedia":[{"embeddable":true,"href":"https:\/\/diarioregionaldigital.com.br\/index.php?rest_route=\/wp\/v2\/media\/200249"}],"wp:attachment":[{"href":"https:\/\/diarioregionaldigital.com.br\/index.php?rest_route=%2Fwp%2Fv2%2Fmedia&parent=200248"}],"wp:term":[{"taxonomy":"category","embeddable":true,"href":"https:\/\/diarioregionaldigital.com.br\/index.php?rest_route=%2Fwp%2Fv2%2Fcategories&post=200248"},{"taxonomy":"post_tag","embeddable":true,"href":"https:\/\/diarioregionaldigital.com.br\/index.php?rest_route=%2Fwp%2Fv2%2Ftags&post=200248"}],"curies":[{"name":"wp","href":"https:\/\/api.w.org\/{rel}","templated":true}]}}