{"id":200245,"date":"2022-06-14T20:31:01","date_gmt":"2022-06-14T23:31:01","guid":{"rendered":"https:\/\/diarioregionaldigital.com.br\/?p=200245"},"modified":"2022-06-14T20:31:01","modified_gmt":"2022-06-14T23:31:01","slug":"dolar-sobe-para-r-513-a-espera-de-juros-no-brasil-e-nos-eua","status":"publish","type":"post","link":"https:\/\/diarioregionaldigital.com.br\/?p=200245","title":{"rendered":"D\u00f3lar sobe para R$ 5,13 \u00e0 espera de juros no Brasil e nos EUA"},"content":{"rendered":"<p>O mercado financeiro teve mais um dia tenso \u00e0 espera das decis\u00f5es sobre os juros b\u00e1sicos no Brasil e nos Estados Unidos. O d\u00f3lar subiu pela s\u00e9tima vez seguida e alcan\u00e7ou o maior valor em pouco mais de um m\u00eas. A bolsa de valores teve a oitava queda consecutiva e atingiu o menor n\u00edvel desde o in\u00edcio do ano.<img decoding=\"async\" src=\"https:\/\/agenciabrasil.ebc.com.br\/ebc.png?id=1465759&amp;o=node\" \/><img decoding=\"async\" src=\"https:\/\/agenciabrasil.ebc.com.br\/ebc.gif?id=1465759&amp;o=node\" \/><\/p>\n<p>O d\u00f3lar comercial encerrou esta ter\u00e7a-feira (14) vendido a R$ 5,134, com alta de R$ 0,019 (+0,38%). A cota\u00e7\u00e3o chegou a operar em queda durante a manh\u00e3, mas firmou a tend\u00eancia de alta ap\u00f3s a abertura do mercado nos Estados Unidos.<\/p>\n<p>A moeda norte-americana est\u00e1 no maior n\u00edvel desde 12 de maio, quando encerrou a R$ 5,14. A divisa subiu 8,02% em junho, mas acumula queda de 7,93% em 2022.<\/p>\n<p>No mercado de a\u00e7\u00f5es, o dia tamb\u00e9m foi marcado pelo nervosismo. O \u00edndice Ibovespa, da B3, fechou aos 102.603 pontos, com recuo de 0,52%. O indicador chegou a operar em alta no in\u00edcio das negocia\u00e7\u00f5es, mas inverteu o movimento ainda durante a manh\u00e3. A bolsa est\u00e1 no menor n\u00edvel desde 10 de janeiro, quando estava em torno dos 101 mil pontos.<\/p>\n<p>Apesar da queda do Ibovespa, as a\u00e7\u00f5es da Eletrobras subiram, ap\u00f3s a estreia da empresa privatizada na bolsa de valores. Os pap\u00e9is ordin\u00e1rios (com direito a voto em assembleia de acionistas) subiram 3,37%. Os pap\u00e9is preferenciais (com prefer\u00eancia na distribui\u00e7\u00e3o de dividendos) valorizaram-se 2,36%.<\/p>\n<p>Como nos \u00faltimos dias, o mercado financeiro agiu em compasso de espera. Amanh\u00e3 (15), tanto o Banco Central do Brasil como o Federal Reserve (Fed, Banco Central norte-americano) divulgam as novas taxas de juros. No Brasil, espera-se que o Comit\u00ea de Pol\u00edtica Monet\u00e1ria (Copom) aumente a taxa Selic (juros b\u00e1sicos da economia) em\u00a0<a href=\"https:\/\/agenciabrasil.ebc.com.br\/economia\/noticia\/2022-06\/copom-inicia-quarta-reuniao-do-ano-avaliando-fim-de-altas-da-selic\" target=\"_blank\" rel=\"noopener\">0,5 ponto percentual, para 13,25% ao ano<\/a>.<\/p>\n<p>O que vem causando turbul\u00eancia no mercado financeiro \u00e9 o futuro das taxas b\u00e1sicas nos Estados Unidos. Com a infla\u00e7\u00e3o na maior economia do planeta em 8,6% nos \u00faltimos 12 meses, no maior n\u00edvel em 41 anos, os investidores temem que o Fed aperte os cintos e eleve os juros em 0,75 ponto percentual, para uma faixa entre 1,5% e 1,75% ao ano. Taxas mais altas em economias avan\u00e7adas provocam fuga de capitais de pa\u00edses emergentes, como o Brasil.<\/p>\n<p><span style=\"font-weight: 400;\">Fonte: Ag\u00eancia Brasil <\/span><\/p>\n","protected":false},"excerpt":{"rendered":"<p>O mercado financeiro teve mais um dia tenso \u00e0 espera das decis\u00f5es sobre os juros b\u00e1sicos no Brasil e nos Estados Unidos. O d\u00f3lar subiu pela s\u00e9tima vez seguida e alcan\u00e7ou o maior valor em pouco mais de um m\u00eas. A bolsa de valores teve a oitava queda consecutiva e atingiu o menor n\u00edvel desde [&hellip;]<\/p>\n","protected":false},"author":246,"featured_media":200246,"comment_status":"closed","ping_status":"closed","sticky":false,"template":"","format":"standard","meta":{"footnotes":""},"categories":[436,261,439],"tags":[],"class_list":["post-200245","post","type-post","status-publish","format-standard","has-post-thumbnail","hentry","category-destaque-da-semana","category-economia","category-ultima-hora"],"_links":{"self":[{"href":"https:\/\/diarioregionaldigital.com.br\/index.php?rest_route=\/wp\/v2\/posts\/200245","targetHints":{"allow":["GET"]}}],"collection":[{"href":"https:\/\/diarioregionaldigital.com.br\/index.php?rest_route=\/wp\/v2\/posts"}],"about":[{"href":"https:\/\/diarioregionaldigital.com.br\/index.php?rest_route=\/wp\/v2\/types\/post"}],"author":[{"embeddable":true,"href":"https:\/\/diarioregionaldigital.com.br\/index.php?rest_route=\/wp\/v2\/users\/246"}],"replies":[{"embeddable":true,"href":"https:\/\/diarioregionaldigital.com.br\/index.php?rest_route=%2Fwp%2Fv2%2Fcomments&post=200245"}],"version-history":[{"count":1,"href":"https:\/\/diarioregionaldigital.com.br\/index.php?rest_route=\/wp\/v2\/posts\/200245\/revisions"}],"predecessor-version":[{"id":200247,"href":"https:\/\/diarioregionaldigital.com.br\/index.php?rest_route=\/wp\/v2\/posts\/200245\/revisions\/200247"}],"wp:featuredmedia":[{"embeddable":true,"href":"https:\/\/diarioregionaldigital.com.br\/index.php?rest_route=\/wp\/v2\/media\/200246"}],"wp:attachment":[{"href":"https:\/\/diarioregionaldigital.com.br\/index.php?rest_route=%2Fwp%2Fv2%2Fmedia&parent=200245"}],"wp:term":[{"taxonomy":"category","embeddable":true,"href":"https:\/\/diarioregionaldigital.com.br\/index.php?rest_route=%2Fwp%2Fv2%2Fcategories&post=200245"},{"taxonomy":"post_tag","embeddable":true,"href":"https:\/\/diarioregionaldigital.com.br\/index.php?rest_route=%2Fwp%2Fv2%2Ftags&post=200245"}],"curies":[{"name":"wp","href":"https:\/\/api.w.org\/{rel}","templated":true}]}}