{"id":200230,"date":"2022-06-10T19:40:14","date_gmt":"2022-06-10T22:40:14","guid":{"rendered":"https:\/\/diarioregionaldigital.com.br\/?p=200230"},"modified":"2022-06-10T19:40:14","modified_gmt":"2022-06-10T22:40:14","slug":"pjf-atende-mais-de-15-pracas-e-seis-campos-de-futebol-com-limpeza-e-poda-de-grama-nesta-semana","status":"publish","type":"post","link":"https:\/\/diarioregionaldigital.com.br\/?p=200230","title":{"rendered":"PJF atende mais de 15 pra\u00e7as e seis campos de futebol com limpeza e poda de grama nesta semana"},"content":{"rendered":"<p>Segundo informa\u00e7\u00f5es do site da Prefeitura de Juiz de Fora (PJF), o\u00a0Programa Boniteza, da Prefeitura de Juiz de Fora (PJF), segue a todo vapor com os trabalhos de limpeza e poda de grama nas pra\u00e7as, canteiros e trevos da cidade. Somente entre os dias 6 e 9 de junho, 16 pra\u00e7as e seis campos de futebol de diversos bairros receberam as equipes de limpeza e poda de grama da Empresa Municipal de Pavimenta\u00e7\u00e3o e Urbanidades (Empav). Nos quatro dias trabalhados, mais de 70 mil metros quadrados de \u00e1rea verde receberam os cuidados do Programa Boniteza, o que equivale a quase dez campos de futebol.<\/p>\n<p>No total, 18 bairros foram atendidos no per\u00edodo, com destaque para o Parque das \u00c1guas, na zona norte. Por l\u00e1, os trabalhadores da Empav, que j\u00e1 haviam conclu\u00eddo a limpeza da pra\u00e7a nas \u00faltimas semanas, conclu\u00edram tamb\u00e9m a poda de grama do campo de futebol e das \u00e1reas que d\u00e3o acesso ao campo.<\/p>\n<p>Outro ponto que ficou uma Boniteza nesta semana foi a Avenida Presidente Juscelino Kubistchek. Toda a extens\u00e3o de canteiros centrais, trevos e rotat\u00f3rias da via receberam manuten\u00e7\u00e3o.<\/p>\n<p><strong>\u00c1rvores bem cuidadas<\/strong><\/p>\n<p>Durante a semana, foram realizadas mais de 45 podas de \u00e1rvores em v\u00e1rios pontos do munic\u00edpio, destaque para as avenidas Presidente Itamar Franco e Dr. Paulo Japiassu Coelho, que seguem com os atendimentos em andamento.<\/p>\n<p>As podas s\u00e3o essenciais para a sobreviv\u00eancia e manuten\u00e7\u00e3o das esp\u00e9cies, al\u00e9m de evitar acidentes e preju\u00edzos materiais que poderiam ser causados pelas quedas de troncos e galhos. A realiza\u00e7\u00e3o de podas higi\u00eanicas tamb\u00e9m auxilia na mobilidade urbana, j\u00e1 que reduz as interfer\u00eancias visuais dos arbustos nas vias.<\/p>\n<p><strong>Feriado no trecho<\/strong><\/p>\n<p>Mesmo com os feriados da pr\u00f3xima semana, a PJF seguir\u00e1 nas ruas da cidade. De segunda a s\u00e1bado, as equipes da Empav dar\u00e3o continuidade aos trabalhos de limpeza e poda de grama e de \u00e1rvores. Cer\u00e2mica<\/p>\n<p>Lembrando que a programa\u00e7\u00e3o di\u00e1ria das atividades realizadas pela Empav pode ser acompanhada atrav\u00e9s da p\u00e1gina do Gabinete de A\u00e7\u00e3o e Di\u00e1logo Comunit\u00e1rio, pelo<a href=\"https:\/\/www.pjf.mg.gov.br\/gabinetecomunitario\/#onde\">\u00a0link<\/a>.<\/p>\n<p>Todas as a\u00e7\u00f5es de reestrutura\u00e7\u00e3o, urbaniza\u00e7\u00e3o e zeladoria realizadas pela Empav fazem parte do Programa Boniteza. Estes e outros servi\u00e7os podem ser solicitados atrav\u00e9s do Gabinete de A\u00e7\u00e3o e Di\u00e1logo Comunit\u00e1rio, que recebe e organiza pedidos relativos a interven\u00e7\u00f5es e melhorias urbanas. O contato pode ser feito por liga\u00e7\u00e3o telef\u00f4nica, pelo n\u00famero (32) 3690-7241 ou, ainda, via WhatsApp, utilizando o mesmo n\u00famero.<\/p>\n","protected":false},"excerpt":{"rendered":"<p>Segundo informa\u00e7\u00f5es do site da Prefeitura de Juiz de Fora (PJF), o\u00a0Programa Boniteza, da Prefeitura de Juiz de Fora (PJF), segue a todo vapor com os trabalhos de limpeza e poda de grama nas pra\u00e7as, canteiros e trevos da cidade. Somente entre os dias 6 e 9 de junho, 16 pra\u00e7as e seis campos de [&hellip;]<\/p>\n","protected":false},"author":246,"featured_media":200231,"comment_status":"closed","ping_status":"closed","sticky":false,"template":"","format":"standard","meta":{"footnotes":""},"categories":[253,436,439],"tags":[],"class_list":["post-200230","post","type-post","status-publish","format-standard","has-post-thumbnail","hentry","category-cidade","category-destaque-da-semana","category-ultima-hora"],"_links":{"self":[{"href":"https:\/\/diarioregionaldigital.com.br\/index.php?rest_route=\/wp\/v2\/posts\/200230","targetHints":{"allow":["GET"]}}],"collection":[{"href":"https:\/\/diarioregionaldigital.com.br\/index.php?rest_route=\/wp\/v2\/posts"}],"about":[{"href":"https:\/\/diarioregionaldigital.com.br\/index.php?rest_route=\/wp\/v2\/types\/post"}],"author":[{"embeddable":true,"href":"https:\/\/diarioregionaldigital.com.br\/index.php?rest_route=\/wp\/v2\/users\/246"}],"replies":[{"embeddable":true,"href":"https:\/\/diarioregionaldigital.com.br\/index.php?rest_route=%2Fwp%2Fv2%2Fcomments&post=200230"}],"version-history":[{"count":1,"href":"https:\/\/diarioregionaldigital.com.br\/index.php?rest_route=\/wp\/v2\/posts\/200230\/revisions"}],"predecessor-version":[{"id":200232,"href":"https:\/\/diarioregionaldigital.com.br\/index.php?rest_route=\/wp\/v2\/posts\/200230\/revisions\/200232"}],"wp:featuredmedia":[{"embeddable":true,"href":"https:\/\/diarioregionaldigital.com.br\/index.php?rest_route=\/wp\/v2\/media\/200231"}],"wp:attachment":[{"href":"https:\/\/diarioregionaldigital.com.br\/index.php?rest_route=%2Fwp%2Fv2%2Fmedia&parent=200230"}],"wp:term":[{"taxonomy":"category","embeddable":true,"href":"https:\/\/diarioregionaldigital.com.br\/index.php?rest_route=%2Fwp%2Fv2%2Fcategories&post=200230"},{"taxonomy":"post_tag","embeddable":true,"href":"https:\/\/diarioregionaldigital.com.br\/index.php?rest_route=%2Fwp%2Fv2%2Ftags&post=200230"}],"curies":[{"name":"wp","href":"https:\/\/api.w.org\/{rel}","templated":true}]}}