{"id":200227,"date":"2022-06-10T19:37:55","date_gmt":"2022-06-10T22:37:55","guid":{"rendered":"https:\/\/diarioregionaldigital.com.br\/?p=200227"},"modified":"2022-06-10T19:37:55","modified_gmt":"2022-06-10T22:37:55","slug":"parque-municipal-funcionara-normalmente-no-feriado-de-santo-antonio-desta-segunda-13","status":"publish","type":"post","link":"https:\/\/diarioregionaldigital.com.br\/?p=200227","title":{"rendered":"Parque Municipal funcionar\u00e1 normalmente no feriado de Santo Ant\u00f4nio desta segunda, 13"},"content":{"rendered":"<p>Segundo informa\u00e7\u00f5es do site da Prefeitura de Juiz de Fora (PJF), normalmente fechado para manuten\u00e7\u00e3o e limpeza \u00e0s segundas-feiras, o Parque Municipal da Prefeitura de Juiz de Fora (PJF) vai abrir as portas no feriado de Santo Ant\u00f4nio. O local ficar\u00e1 aberto para toda a popula\u00e7\u00e3o e ser\u00e1 mais uma op\u00e7\u00e3o de lazer para quem ficar na cidade e visitantes de outras regi\u00f5es, funcionando em hor\u00e1rio normal, das 8h \u00e0s 17h, com \u00faltima entrada \u00e0s 16h.<br \/>\nA popula\u00e7\u00e3o est\u00e1 convidada para usufruir de toda estrutura que o Parque Municipal oferece, com campos de futebol, playground, churrasqueiras, quadras poliesportivas, al\u00e9m de lugares para aprecia\u00e7\u00e3o das \u00e1reas verdes e lagos do parque.<br \/>\nAs visitas Guiadas ao Bosque, que acontecem aos finais de semana, ser\u00e3o mantidas para a segunda-feira de feriado, nos dois hor\u00e1rios, 11h e 15h, com concentra\u00e7\u00e3o dos visitantes na pra\u00e7a central.<br \/>\nPara a pr\u00f3xima semana, com feriado de Corpus Christi, o Parque Municipal tamb\u00e9m funcionar\u00e1 normalmente, de quinta a domingo, das 8h \u00e0s 17h.<br \/>\nO Parque Municipal est\u00e1 localizado na Rua do Contorno 8, no bairro Nova Calif\u00f3rnia, e funciona das 8h \u00e0s 17h, permitindo a entrada de visitantes at\u00e9 \u00e0s 16h.<\/p>\n","protected":false},"excerpt":{"rendered":"<p>Segundo informa\u00e7\u00f5es do site da Prefeitura de Juiz de Fora (PJF), normalmente fechado para manuten\u00e7\u00e3o e limpeza \u00e0s segundas-feiras, o Parque Municipal da Prefeitura de Juiz de Fora (PJF) vai abrir as portas no feriado de Santo Ant\u00f4nio. O local ficar\u00e1 aberto para toda a popula\u00e7\u00e3o e ser\u00e1 mais uma op\u00e7\u00e3o de lazer para quem [&hellip;]<\/p>\n","protected":false},"author":246,"featured_media":200228,"comment_status":"closed","ping_status":"closed","sticky":false,"template":"","format":"standard","meta":{"footnotes":""},"categories":[253,436,439],"tags":[],"class_list":["post-200227","post","type-post","status-publish","format-standard","has-post-thumbnail","hentry","category-cidade","category-destaque-da-semana","category-ultima-hora"],"_links":{"self":[{"href":"https:\/\/diarioregionaldigital.com.br\/index.php?rest_route=\/wp\/v2\/posts\/200227","targetHints":{"allow":["GET"]}}],"collection":[{"href":"https:\/\/diarioregionaldigital.com.br\/index.php?rest_route=\/wp\/v2\/posts"}],"about":[{"href":"https:\/\/diarioregionaldigital.com.br\/index.php?rest_route=\/wp\/v2\/types\/post"}],"author":[{"embeddable":true,"href":"https:\/\/diarioregionaldigital.com.br\/index.php?rest_route=\/wp\/v2\/users\/246"}],"replies":[{"embeddable":true,"href":"https:\/\/diarioregionaldigital.com.br\/index.php?rest_route=%2Fwp%2Fv2%2Fcomments&post=200227"}],"version-history":[{"count":1,"href":"https:\/\/diarioregionaldigital.com.br\/index.php?rest_route=\/wp\/v2\/posts\/200227\/revisions"}],"predecessor-version":[{"id":200229,"href":"https:\/\/diarioregionaldigital.com.br\/index.php?rest_route=\/wp\/v2\/posts\/200227\/revisions\/200229"}],"wp:featuredmedia":[{"embeddable":true,"href":"https:\/\/diarioregionaldigital.com.br\/index.php?rest_route=\/wp\/v2\/media\/200228"}],"wp:attachment":[{"href":"https:\/\/diarioregionaldigital.com.br\/index.php?rest_route=%2Fwp%2Fv2%2Fmedia&parent=200227"}],"wp:term":[{"taxonomy":"category","embeddable":true,"href":"https:\/\/diarioregionaldigital.com.br\/index.php?rest_route=%2Fwp%2Fv2%2Fcategories&post=200227"},{"taxonomy":"post_tag","embeddable":true,"href":"https:\/\/diarioregionaldigital.com.br\/index.php?rest_route=%2Fwp%2Fv2%2Ftags&post=200227"}],"curies":[{"name":"wp","href":"https:\/\/api.w.org\/{rel}","templated":true}]}}