{"id":200224,"date":"2022-06-10T19:36:00","date_gmt":"2022-06-10T22:36:00","guid":{"rendered":"https:\/\/diarioregionaldigital.com.br\/?p=200224"},"modified":"2022-06-10T19:36:00","modified_gmt":"2022-06-10T22:36:00","slug":"pjf-realiza-acao-de-combate-a-dengue-e-outras-doencas-no-bairros-dom-bosco-sao-mateus-e-centro","status":"publish","type":"post","link":"https:\/\/diarioregionaldigital.com.br\/?p=200224","title":{"rendered":"PJF realiza a\u00e7\u00e3o de combate \u00e0 Dengue e outras doen\u00e7as no bairros Dom Bosco, S\u00e3o Mateus e Centro"},"content":{"rendered":"<p>Segundo informa\u00e7\u00f5es do site da Prefeitura de Juiz de Fora (PJF), ser\u00e1 realizado pela PJF na pr\u00f3xima ter\u00e7a-feira, 14, e quarta-feira, 15, a\u00e7\u00f5es de mobiliza\u00e7\u00e3o contra as arboviroses. No Centro, as equipes atuam na vistoria de marquises. No bairro S\u00e3o Mateus, ser\u00e1 promovida uma a\u00e7\u00e3o de educa\u00e7\u00e3o em sa\u00fade na Pra\u00e7a S\u00e3o Mateus, das 8h \u00e0s 11h e de 13h \u00e0s 17h. O bairro Dom Bosco recebe o mutir\u00e3o de recolhimento de entulhos.<\/p>\n<p>&nbsp;<\/p>\n<p>A iniciativa faz parte de uma a\u00e7\u00e3o conjunta da PJF, por meio do Programa Boniteza, coordenado pela Secretaria de Governo (SG). Al\u00e9m da SG, a a\u00e7\u00e3o envolve a Secretaria de Sa\u00fade (SS), a Secretaria de Obras (SO), a Secretaria de Comunica\u00e7\u00e3o (Secom), a Secretaria de Sustentabilidade em Meio Ambiente e Atividades Urbanas (Sesmaur), a Secretaria de Assist\u00eancia Social (SAS), o Departamento Municipal de Limpeza Urbana (Demlurb) e a Empresa Municipal de Pavimenta\u00e7\u00e3o e Urbaniza\u00e7\u00e3o (Empav).<\/p>\n<p>&nbsp;<\/p>\n<p>A a\u00e7\u00e3o \u00e9 cont\u00ednua e se estende para outras regi\u00f5es da cidade este m\u00eas. Ao longo da semana acontecem as a\u00e7\u00f5es de mobiliza\u00e7\u00e3o nos bairros da regi\u00e3o e, aos s\u00e1bados, a interven\u00e7\u00e3o regional \u00e9 finalizada com um Dia D, no qual ocorre um mutir\u00e3o intensivo de limpeza.<\/p>\n<p>&nbsp;<\/p>\n<p><strong>Ferramenta de den\u00fancias<\/strong><\/p>\n<p>Al\u00e9m de participar ativamente na preven\u00e7\u00e3o contra as arboviroses, a popula\u00e7\u00e3o pode ajudar com den\u00fancias an\u00f4nimas sobre focos do Aedes Aegypti em Juiz de Fora e regi\u00e3o. O sistema tem como finalidade mapear as informa\u00e7\u00f5es das doen\u00e7as causadas pelo mosquito: dengue, zika, febre amarela e chikungunya.<\/p>\n<p>&nbsp;<\/p>\n<p>O\u00a0<a href=\"http:\/\/arbocontrolsis.tecnologia.ws\/denunciafocomosquito\/\">MonitorAr<\/a>\u00a0pode ser acessado em qualquer navegador atrav\u00e9s de smartphones, tablets, notebooks e computadores. O sistema permite que as pessoas possam realizar den\u00fancias de locais de criadouros do mosquito.<\/p>\n<p>&nbsp;<\/p>\n<p><strong>Confira o cronograma de a\u00e7\u00f5es de mobiliza\u00e7\u00e3o em Juiz de Fora contra as arboviroses:<\/strong><\/p>\n<p>&nbsp;<\/p>\n<p>14\/06 a 15\/06 \u2013 Regi\u00e3o Sul\/Centro<\/p>\n<p>&nbsp;<\/p>\n<p>20\/06 a 25\/06 \u2013 Regi\u00e3o Nordeste<\/p>\n<p>&nbsp;<\/p>\n<p>27\/06 a 02\/07 \u2013 Regi\u00e3o Leste<\/p>\n","protected":false},"excerpt":{"rendered":"<p>Segundo informa\u00e7\u00f5es do site da Prefeitura de Juiz de Fora (PJF), ser\u00e1 realizado pela PJF na pr\u00f3xima ter\u00e7a-feira, 14, e quarta-feira, 15, a\u00e7\u00f5es de mobiliza\u00e7\u00e3o contra as arboviroses. No Centro, as equipes atuam na vistoria de marquises. No bairro S\u00e3o Mateus, ser\u00e1 promovida uma a\u00e7\u00e3o de educa\u00e7\u00e3o em sa\u00fade na Pra\u00e7a S\u00e3o Mateus, das 8h [&hellip;]<\/p>\n","protected":false},"author":246,"featured_media":200225,"comment_status":"closed","ping_status":"closed","sticky":false,"template":"","format":"standard","meta":{"footnotes":""},"categories":[253,436,439],"tags":[],"class_list":["post-200224","post","type-post","status-publish","format-standard","has-post-thumbnail","hentry","category-cidade","category-destaque-da-semana","category-ultima-hora"],"_links":{"self":[{"href":"https:\/\/diarioregionaldigital.com.br\/index.php?rest_route=\/wp\/v2\/posts\/200224","targetHints":{"allow":["GET"]}}],"collection":[{"href":"https:\/\/diarioregionaldigital.com.br\/index.php?rest_route=\/wp\/v2\/posts"}],"about":[{"href":"https:\/\/diarioregionaldigital.com.br\/index.php?rest_route=\/wp\/v2\/types\/post"}],"author":[{"embeddable":true,"href":"https:\/\/diarioregionaldigital.com.br\/index.php?rest_route=\/wp\/v2\/users\/246"}],"replies":[{"embeddable":true,"href":"https:\/\/diarioregionaldigital.com.br\/index.php?rest_route=%2Fwp%2Fv2%2Fcomments&post=200224"}],"version-history":[{"count":1,"href":"https:\/\/diarioregionaldigital.com.br\/index.php?rest_route=\/wp\/v2\/posts\/200224\/revisions"}],"predecessor-version":[{"id":200226,"href":"https:\/\/diarioregionaldigital.com.br\/index.php?rest_route=\/wp\/v2\/posts\/200224\/revisions\/200226"}],"wp:featuredmedia":[{"embeddable":true,"href":"https:\/\/diarioregionaldigital.com.br\/index.php?rest_route=\/wp\/v2\/media\/200225"}],"wp:attachment":[{"href":"https:\/\/diarioregionaldigital.com.br\/index.php?rest_route=%2Fwp%2Fv2%2Fmedia&parent=200224"}],"wp:term":[{"taxonomy":"category","embeddable":true,"href":"https:\/\/diarioregionaldigital.com.br\/index.php?rest_route=%2Fwp%2Fv2%2Fcategories&post=200224"},{"taxonomy":"post_tag","embeddable":true,"href":"https:\/\/diarioregionaldigital.com.br\/index.php?rest_route=%2Fwp%2Fv2%2Ftags&post=200224"}],"curies":[{"name":"wp","href":"https:\/\/api.w.org\/{rel}","templated":true}]}}