{"id":200221,"date":"2022-06-10T19:33:12","date_gmt":"2022-06-10T22:33:12","guid":{"rendered":"https:\/\/diarioregionaldigital.com.br\/?p=200221"},"modified":"2022-06-10T19:33:12","modified_gmt":"2022-06-10T22:33:12","slug":"prefeita-assina-decreto-que-institui-o-forum-de-regulacao-do-pavimento-urbano-de-juiz-de-fora","status":"publish","type":"post","link":"https:\/\/diarioregionaldigital.com.br\/?p=200221","title":{"rendered":"Prefeita assina decreto que institui o F\u00f3rum de Regula\u00e7\u00e3o do Pavimento Urbano de Juiz de Fora"},"content":{"rendered":"<p>Segundo informa\u00e7\u00f5es do site da Prefeitura de Juiz de Fora (PJF), na manh\u00e3 desta sexta-feira, 10, a prefeita Margarida Salom\u00e3o assinou o decreto que instituiu o F\u00f3rum de Regula\u00e7\u00e3o do Pavimento Urbano de Juiz de Fora. O f\u00f3rum ter\u00e1 como objetivo regular o uso do subsolo por empresas prestadoras de servi\u00e7os no munic\u00edpio, reduzindo o n\u00famero de interven\u00e7\u00f5es no sistema vi\u00e1rio da cidade e, consequentemente, proporcionando mais seguran\u00e7a, conforto e mobilidade para o cidad\u00e3o. A assinatura foi realizada no 9\u00ba andar do pr\u00e9dio-sede da Prefeitura de Juiz de Fora (PJF).<\/p>\n<p>&nbsp;<\/p>\n<p>Margarida lembrou que, recentemente, a cidade passou por um dos per\u00edodos chuvosos mais intensos dos \u00faltimos 38 anos, e que muito danificou sua pavimenta\u00e7\u00e3o, fato que a PJF n\u00e3o quer que se repita. \u201cAl\u00e9m disso, h\u00e1 uma s\u00e9rie de fatores que contribuem para afetar a qualidade do nosso pavimento, como a falta de redes de drenagem e a inexist\u00eancia de um plano diretor do tr\u00e2nsito de cargas no munic\u00edpio, por exemplo. Da\u00ed a import\u00e2ncia de se criar este f\u00f3rum como um lugar onde isso possa ser debatido. Todo cidad\u00e3o quer \u00e1gua na torneira, coleta de esgoto, internet e energia el\u00e9trica. Mais do que desejos, s\u00e3o direitos da popula\u00e7\u00e3o. Queremos garantir tudo isso, mas sem que haja um estrago permanente da cidade\u201d, avaliou.<\/p>\n<p>&nbsp;<\/p>\n<p>O grupo ser\u00e1 composto por representantes das secretarias de Planejamento Urbano (Sepur), Governo (SG), Obras (SO), Mobilidade Urbana (SMU), Sustentabilidade em Meio Ambiente e Atividades Urbanas (Sesmaur), al\u00e9m da Companhia de Saneamento Municipal (Cesama) e da Empresa Municipal de Pavimenta\u00e7\u00e3o e Urbaniza\u00e7\u00e3o (Empav). Participar\u00e3o tamb\u00e9m representantes do Sindicato da Ind\u00fastria da Constru\u00e7\u00e3o Civil de Juiz de Fora (Sinduscom), Companhia Energ\u00e9tica de Minas Gerais (Cemig), Companhia de G\u00e1s de Minas Gerais (Gasmig) e empresas de telefonia e dados m\u00f3veis.<\/p>\n<p>&nbsp;<\/p>\n<p>O novo f\u00f3rum ser\u00e1 presidido pela secret\u00e1ria da Sepur, L\u00edvia Delgado. \u201cAo longo dos trabalhos, iremos pensar uma forma de regular o subsolo, discutindo boas pr\u00e1ticas e considerando as interfer\u00eancias na superf\u00edcie. Isso vai permitir que a PJF tenha um maior controle das a\u00e7\u00f5es em execu\u00e7\u00e3o, garantir uma padroniza\u00e7\u00e3o t\u00e9cnica das interven\u00e7\u00f5es e proporcionar maior transpar\u00eancia para a sociedade, que vai saber quem \u00e9 a empresa respons\u00e1vel por determinada obra\u201d.<\/p>\n<p>&nbsp;<\/p>\n<p>\u201cVamos estabelecer os crit\u00e9rios de autoriza\u00e7\u00e3o para passagem no pavimento e, na sequ\u00eancia, estudar a delimita\u00e7\u00e3o de cada \u00e1rea: onde ir\u00e3o passar as redes de \u00e1gua, esgoto, energia el\u00e9trica, telecomunica\u00e7\u00f5es, entre outras. Al\u00e9m disso, queremos definir como ser\u00e1 feita a recupera\u00e7\u00e3o das valas abertas para estes servi\u00e7os, com bases pr\u00e9-estabelecidas, assim como o tipo de pavimento\u201d, detalhou o secret\u00e1rio da SO, Lincoln Santos Lima.<\/p>\n","protected":false},"excerpt":{"rendered":"<p>Segundo informa\u00e7\u00f5es do site da Prefeitura de Juiz de Fora (PJF), na manh\u00e3 desta sexta-feira, 10, a prefeita Margarida Salom\u00e3o assinou o decreto que instituiu o F\u00f3rum de Regula\u00e7\u00e3o do Pavimento Urbano de Juiz de Fora. O f\u00f3rum ter\u00e1 como objetivo regular o uso do subsolo por empresas prestadoras de servi\u00e7os no munic\u00edpio, reduzindo o [&hellip;]<\/p>\n","protected":false},"author":246,"featured_media":200222,"comment_status":"closed","ping_status":"closed","sticky":false,"template":"","format":"standard","meta":{"footnotes":""},"categories":[253,436,440,439],"tags":[],"class_list":["post-200221","post","type-post","status-publish","format-standard","has-post-thumbnail","hentry","category-cidade","category-destaque-da-semana","category-destaques-do-dia","category-ultima-hora"],"_links":{"self":[{"href":"https:\/\/diarioregionaldigital.com.br\/index.php?rest_route=\/wp\/v2\/posts\/200221","targetHints":{"allow":["GET"]}}],"collection":[{"href":"https:\/\/diarioregionaldigital.com.br\/index.php?rest_route=\/wp\/v2\/posts"}],"about":[{"href":"https:\/\/diarioregionaldigital.com.br\/index.php?rest_route=\/wp\/v2\/types\/post"}],"author":[{"embeddable":true,"href":"https:\/\/diarioregionaldigital.com.br\/index.php?rest_route=\/wp\/v2\/users\/246"}],"replies":[{"embeddable":true,"href":"https:\/\/diarioregionaldigital.com.br\/index.php?rest_route=%2Fwp%2Fv2%2Fcomments&post=200221"}],"version-history":[{"count":1,"href":"https:\/\/diarioregionaldigital.com.br\/index.php?rest_route=\/wp\/v2\/posts\/200221\/revisions"}],"predecessor-version":[{"id":200223,"href":"https:\/\/diarioregionaldigital.com.br\/index.php?rest_route=\/wp\/v2\/posts\/200221\/revisions\/200223"}],"wp:featuredmedia":[{"embeddable":true,"href":"https:\/\/diarioregionaldigital.com.br\/index.php?rest_route=\/wp\/v2\/media\/200222"}],"wp:attachment":[{"href":"https:\/\/diarioregionaldigital.com.br\/index.php?rest_route=%2Fwp%2Fv2%2Fmedia&parent=200221"}],"wp:term":[{"taxonomy":"category","embeddable":true,"href":"https:\/\/diarioregionaldigital.com.br\/index.php?rest_route=%2Fwp%2Fv2%2Fcategories&post=200221"},{"taxonomy":"post_tag","embeddable":true,"href":"https:\/\/diarioregionaldigital.com.br\/index.php?rest_route=%2Fwp%2Fv2%2Ftags&post=200221"}],"curies":[{"name":"wp","href":"https:\/\/api.w.org\/{rel}","templated":true}]}}