{"id":200215,"date":"2022-06-10T19:25:36","date_gmt":"2022-06-10T22:25:36","guid":{"rendered":"https:\/\/diarioregionaldigital.com.br\/?p=200215"},"modified":"2022-06-10T19:25:36","modified_gmt":"2022-06-10T22:25:36","slug":"bia-haddad-vence-numero-5-do-mundo-e-vai-a-semi-de-wta-na-inglaterra","status":"publish","type":"post","link":"https:\/\/diarioregionaldigital.com.br\/?p=200215","title":{"rendered":"Bia Haddad vence n\u00famero 5 do mundo e vai \u00e0 semi de WTA na Inglaterra"},"content":{"rendered":"<p>A sexta-feira (10) come\u00e7ou bem para o t\u00eanis brasileiro.\u00a0 Na Inglaterra, a paulista Bia Haddad avan\u00e7ou \u00e0 semifinal do WTA 250\u00a0de Nottingham com vit\u00f3ria sobre a grega Maria Sakkari, n\u00famero 5 no ranking mundial, por 2 sets a 1 (6\/4, 4\/6 e 6\/3).\u00a0 A brasileira, atual 48\u00aa no ranking da WTA, vai buscar uma vaga na final \u00e0s 6h (hor\u00e1rio de Bras\u00edlia) deste s\u00e1bado (11) contra a tcheca Tereza Martincova (60\u00aa). A competi\u00e7\u00e3o em piso de grama serve de preparat\u00f3rio para o Torneio de Wimbledon, que come\u00e7a em 27 de junho.\u00a0<img decoding=\"async\" src=\"https:\/\/agenciabrasil.ebc.com.br\/ebc.png?id=1465042&amp;o=node\" \/><\/p>\n<p>Al\u00e9m de comemorar a segunda vit\u00f3ria sobre Sakkari nesta temporada &#8211; a primeira foi em mar\u00e7o em Indian Wells, por 2 a 1 &#8211; Bia Haddad vai saltar cinco posi\u00e7\u00f5es no ranking, chegando ao 43\u00ba lugar, ap\u00f3s o triunfo sobre a grega. A brasileira volta a competir nesta tarde, ao lado da chinesa Zhang Shuai, pelas quartas de final de duplas, contra a parceria da australiana Samantha Stosur com taiwanesa Latisha Chan.<\/p>\n<p><strong>Marcelo Melo vai \u00e0 semi de duplas em ATP na Holanda<br \/>\n<\/strong><br \/>\nQuem tamb\u00e9m avan\u00e7ou \u00e0 semi hoje (10) foi a dupla do mineiro Marcelo Melo com o sul-africano Raven Klaasen. Os parceiros derrotaram os favoritos Pierre-Hugues Herbert e Nicolas Mahut (Fran\u00e7a) ATP 250 de \u2018s-Hertogenbosch, na Holanda, tamb\u00e9m disputado na grama. Melo e Klaasen ganharam dos cabe\u00e7as de chave 1 por 2 sets a 0, com parciais de 7\/6 (8\/6) e 6\/4.<\/p>\n<p>\u201cAcho que estivemos muito bem, do come\u00e7o ao fim. Aproveitamos as oportunidades, voltamos no jogo depois de estar na frente. Ent\u00e3o, foi mais uma bela partida. E diante de Herbert e Mahut, que s\u00e3o excepcionais na grama. Conseguimos imprimir nosso jogo, jogar bem e garantir mais uma vit\u00f3ria. Foi muito bom para n\u00f3s\u201d<\/p>\n<p><span style=\"font-weight: 400;\">Fonte: Ag\u00eancia Brasil <\/span><\/p>\n","protected":false},"excerpt":{"rendered":"<p>A sexta-feira (10) come\u00e7ou bem para o t\u00eanis brasileiro.\u00a0 Na Inglaterra, a paulista Bia Haddad avan\u00e7ou \u00e0 semifinal do WTA 250\u00a0de Nottingham com vit\u00f3ria sobre a grega Maria Sakkari, n\u00famero 5 no ranking mundial, por 2 sets a 1 (6\/4, 4\/6 e 6\/3).\u00a0 A brasileira, atual 48\u00aa no ranking da WTA, vai buscar uma vaga [&hellip;]<\/p>\n","protected":false},"author":246,"featured_media":200216,"comment_status":"closed","ping_status":"closed","sticky":false,"template":"","format":"standard","meta":{"footnotes":""},"categories":[436,257,439],"tags":[],"class_list":["post-200215","post","type-post","status-publish","format-standard","has-post-thumbnail","hentry","category-destaque-da-semana","category-esporte","category-ultima-hora"],"_links":{"self":[{"href":"https:\/\/diarioregionaldigital.com.br\/index.php?rest_route=\/wp\/v2\/posts\/200215","targetHints":{"allow":["GET"]}}],"collection":[{"href":"https:\/\/diarioregionaldigital.com.br\/index.php?rest_route=\/wp\/v2\/posts"}],"about":[{"href":"https:\/\/diarioregionaldigital.com.br\/index.php?rest_route=\/wp\/v2\/types\/post"}],"author":[{"embeddable":true,"href":"https:\/\/diarioregionaldigital.com.br\/index.php?rest_route=\/wp\/v2\/users\/246"}],"replies":[{"embeddable":true,"href":"https:\/\/diarioregionaldigital.com.br\/index.php?rest_route=%2Fwp%2Fv2%2Fcomments&post=200215"}],"version-history":[{"count":1,"href":"https:\/\/diarioregionaldigital.com.br\/index.php?rest_route=\/wp\/v2\/posts\/200215\/revisions"}],"predecessor-version":[{"id":200217,"href":"https:\/\/diarioregionaldigital.com.br\/index.php?rest_route=\/wp\/v2\/posts\/200215\/revisions\/200217"}],"wp:featuredmedia":[{"embeddable":true,"href":"https:\/\/diarioregionaldigital.com.br\/index.php?rest_route=\/wp\/v2\/media\/200216"}],"wp:attachment":[{"href":"https:\/\/diarioregionaldigital.com.br\/index.php?rest_route=%2Fwp%2Fv2%2Fmedia&parent=200215"}],"wp:term":[{"taxonomy":"category","embeddable":true,"href":"https:\/\/diarioregionaldigital.com.br\/index.php?rest_route=%2Fwp%2Fv2%2Fcategories&post=200215"},{"taxonomy":"post_tag","embeddable":true,"href":"https:\/\/diarioregionaldigital.com.br\/index.php?rest_route=%2Fwp%2Fv2%2Ftags&post=200215"}],"curies":[{"name":"wp","href":"https:\/\/api.w.org\/{rel}","templated":true}]}}