{"id":200211,"date":"2022-06-10T19:23:50","date_gmt":"2022-06-10T22:23:50","guid":{"rendered":"https:\/\/diarioregionaldigital.com.br\/?p=200211"},"modified":"2022-06-10T19:23:50","modified_gmt":"2022-06-10T22:23:50","slug":"flamengo-oficializa-contratacao-do-tecnico-dorival-junior","status":"publish","type":"post","link":"https:\/\/diarioregionaldigital.com.br\/?p=200211","title":{"rendered":"Flamengo oficializa contrata\u00e7\u00e3o do t\u00e9cnico Dorival J\u00fanior"},"content":{"rendered":"<p>O Flamengo anunciou na tarde desta sexta-feira (10) a contrata\u00e7\u00e3o do t\u00e9cnico Dorival J\u00fanior, por meio de publica\u00e7\u00e3o no Twitter. O treinador, que deixou ontem (9) o comando do Cear\u00e1,\u00a0 vai substituir o portugu\u00eas\u00a0<a href=\"https:\/\/agenciabrasil.ebc.com.br\/esportes\/noticia\/2022-06\/flamengo-confirma-saida-do-tecnico-paulo-sousa\">Paulo Sousa, demitido na noite desta quinta (9).<\/a>\u00a0O contrato de Dorival com o Rubro-Negro vai at\u00e9 dezembro deste ano.\u00a0<img decoding=\"async\" src=\"https:\/\/agenciabrasil.ebc.com.br\/ebc.png?id=1465062&amp;o=node\" \/><img decoding=\"async\" src=\"https:\/\/agenciabrasil.ebc.com.br\/ebc.gif?id=1465062&amp;o=node\" \/><\/p>\n<p>O novo treinador poder\u00e1 acompanhar o Flamengo \u00e0 beira do gramado no confronto deste s\u00e1bado (11) contra o Internacional, \u00e0s 21h (hor\u00e1rio de Bras\u00edlia), caso o clube consiga sua regulariza\u00e7\u00e3o junto \u00e0 Confedera\u00e7\u00e3o Brasileira de Futebol (CBF) at\u00e9 \u00e0s 18h desta sexta (11). Caso contr\u00e1rio, a equipe ser\u00e1 comandada por Mario Jorge, ex-treinador Sub 20 do Fla, anunciado como substituto ap\u00f3s sa\u00edda de Paulo Sousa.<\/p>\n<p>Esta ser\u00e1 a terceira passagem de Dorival J\u00fanior, de 60 anos, pelo clube da G\u00e1vea, bairro da zona sul do Rio de Janeiro. O t\u00e9cnico comandou de 2012 a 2013 (terminando o Brasileir\u00e3o na 11\u00aa coloca\u00e7\u00e3o) , e depois retornou em 2018, conduzindo o time ao vice-campeonato nacional.<\/p>\n<p>Dorival acertou ontem a sa\u00edda do Cear\u00e1, com pouco mais de dois meses \u00e0 frente do time, 12\u00ba colocado na\u00a0<a href=\"https:\/\/agenciabrasil.ebc.com.br\/esportes\/tabelas\/\">S\u00e9rie A do Campeonato Brasileiro.<\/a>\u00a0Ele chega ao Flamengo (14\u00ba), ap\u00f3s o clube amargar duas derrotas seguidas no Brasileir\u00e3o.\u00a0O Rubro-Negro est\u00e1 classificado para as oitavas de final da Copa do Brasil (advers\u00e1rio ser\u00e1 o Atl\u00e9tico-MG) e tamb\u00e9m para as oitavas da Copa Libertadores (rival ser\u00e1 o Tolima, da Col\u00f4mbia).<\/p>\n<p><span style=\"font-weight: 400;\">Fonte: Ag\u00eancia Brasil <\/span><\/p>\n","protected":false},"excerpt":{"rendered":"<p>O Flamengo anunciou na tarde desta sexta-feira (10) a contrata\u00e7\u00e3o do t\u00e9cnico Dorival J\u00fanior, por meio de publica\u00e7\u00e3o no Twitter. O treinador, que deixou ontem (9) o comando do Cear\u00e1,\u00a0 vai substituir o portugu\u00eas\u00a0Paulo Sousa, demitido na noite desta quinta (9).\u00a0O contrato de Dorival com o Rubro-Negro vai at\u00e9 dezembro deste ano.\u00a0 O novo treinador [&hellip;]<\/p>\n","protected":false},"author":246,"featured_media":200212,"comment_status":"closed","ping_status":"closed","sticky":false,"template":"","format":"standard","meta":{"footnotes":""},"categories":[436,257,439],"tags":[],"class_list":["post-200211","post","type-post","status-publish","format-standard","has-post-thumbnail","hentry","category-destaque-da-semana","category-esporte","category-ultima-hora"],"_links":{"self":[{"href":"https:\/\/diarioregionaldigital.com.br\/index.php?rest_route=\/wp\/v2\/posts\/200211","targetHints":{"allow":["GET"]}}],"collection":[{"href":"https:\/\/diarioregionaldigital.com.br\/index.php?rest_route=\/wp\/v2\/posts"}],"about":[{"href":"https:\/\/diarioregionaldigital.com.br\/index.php?rest_route=\/wp\/v2\/types\/post"}],"author":[{"embeddable":true,"href":"https:\/\/diarioregionaldigital.com.br\/index.php?rest_route=\/wp\/v2\/users\/246"}],"replies":[{"embeddable":true,"href":"https:\/\/diarioregionaldigital.com.br\/index.php?rest_route=%2Fwp%2Fv2%2Fcomments&post=200211"}],"version-history":[{"count":2,"href":"https:\/\/diarioregionaldigital.com.br\/index.php?rest_route=\/wp\/v2\/posts\/200211\/revisions"}],"predecessor-version":[{"id":200214,"href":"https:\/\/diarioregionaldigital.com.br\/index.php?rest_route=\/wp\/v2\/posts\/200211\/revisions\/200214"}],"wp:featuredmedia":[{"embeddable":true,"href":"https:\/\/diarioregionaldigital.com.br\/index.php?rest_route=\/wp\/v2\/media\/200212"}],"wp:attachment":[{"href":"https:\/\/diarioregionaldigital.com.br\/index.php?rest_route=%2Fwp%2Fv2%2Fmedia&parent=200211"}],"wp:term":[{"taxonomy":"category","embeddable":true,"href":"https:\/\/diarioregionaldigital.com.br\/index.php?rest_route=%2Fwp%2Fv2%2Fcategories&post=200211"},{"taxonomy":"post_tag","embeddable":true,"href":"https:\/\/diarioregionaldigital.com.br\/index.php?rest_route=%2Fwp%2Fv2%2Ftags&post=200211"}],"curies":[{"name":"wp","href":"https:\/\/api.w.org\/{rel}","templated":true}]}}