{"id":200205,"date":"2022-06-10T18:58:49","date_gmt":"2022-06-10T21:58:49","guid":{"rendered":"https:\/\/diarioregionaldigital.com.br\/?p=200205"},"modified":"2022-06-10T18:58:49","modified_gmt":"2022-06-10T21:58:49","slug":"orquestra-sinfonica-de-minas-apresenta-concerto-especial-no-dia-dos-namorados","status":"publish","type":"post","link":"https:\/\/diarioregionaldigital.com.br\/?p=200205","title":{"rendered":"Orquestra Sinf\u00f4nica de Minas apresenta concerto especial no Dia dos Namorados"},"content":{"rendered":"<p>A s\u00e9rie Concertos no Parque apresenta, neste domingo (12\/6), \u00e0s 10h, uma programa\u00e7\u00e3o especial para o Dia dos Namorados. Com reg\u00eancia do maestro assistente Andr\u00e9 Brant, a\u00a0<a href=\"https:\/\/fcs.mg.gov.br\/corpos-artisticos\/orquestra-sinfonica-de-minas-gerais\/\" target=\"_blank\" rel=\"noopener\">Orquestra Sinf\u00f4nica de Minas Gerais (OSMG)<\/a>\u00a0promete um concerto emocionante, trazendo no repert\u00f3rio, entre outros destaques, obras de\u00a0 Tchaikovsky, Villa-Lobos e\u00a0Rossini. O acesso ao evento promovido pela\u00a0<a href=\"http:\/\/www.fcs.mg.gov.br\/\" target=\"_blank\" rel=\"noopener\">Funda\u00e7\u00e3o Cl\u00f3vis Salgado (FCS)<\/a>\u00a0\u00e9 gratuito, mas \u00e9 necess\u00e1rio\u00a0realizar\u00a0<a href=\"https:\/\/bileto.sympla.com.br\/event\/66273\/d\/139024\" target=\"_blank\" rel=\"noopener\">cadastro pelo Sympla<\/a>\u00a0e apresentar cart\u00e3o de vacina contra febre amarela e covid-19.<\/p>\n<p>\u201cTeremos algumas pe\u00e7as muito divertidas, que o p\u00fablico de certa forma j\u00e1 escutou a melodia e ir\u00e1 reconhecer. Vamos homenagear o Dia do Namorados com obras que falam essencialmente sobre o amor, como as belas Morte do Amor de Isolda e A Bela Adormecida. Traremos uma grande variedade de obras mais curtas e leves\u201d, afirma o maestro Andr\u00e9 Brant. Esta \u00e9 tamb\u00e9m a\u00a0primeira vez que o regente assistente assume a batuta da OSMG em um concerto no Parque Municipal Am\u00e9rico Renn\u00e9 Giannetti, em Belo Horizonte.<\/p>\n<p><b>Introdu\u00e7\u00e3o\u00a0<\/b><\/p>\n<p>O programa se inicia com a abertura da \u00f3pera La Gazza Ladra, do compositor italiano Gioachino Rossini. A obra \u00e9 conhecida pelo seu dinamismo, marcada pelo ritmo da percuss\u00e3o. \u201cEscolhemos essa obra pois Rossini tem a caracter\u00edstica de escrever obras divertidas e muito leves, e essa \u00e9 uma daquelas que certamente o p\u00fablico j\u00e1 ouviu\u201d, explica Brant.<\/p>\n<p>O maestro tamb\u00e9m destaca que a segunda obra, Dan\u00e7a do Sabre, tem um grande potencial mel\u00f3dico que o p\u00fablico j\u00e1 reconhecer\u00e1 nos primeiros compassos. A obra foi composta pelo arm\u00eanio Aram Khachaturian, em 1942, baseada em uma can\u00e7\u00e3o folcl\u00f3rica. \u00c9 considerada uma das pe\u00e7as mais influentes da m\u00fasica popular do s\u00e9culo 20, e foi regravada por v\u00e1rios artistas mundialmente.<\/p>\n<p><strong>Ode ao amor rom\u00e2ntico<\/strong><\/p>\n<p>O grande destaque fica com o trecho do bal\u00e9 A Bela Adormecida, composto pelo russo Piotr Tchaikovsky com base no conto de fadas do escritor franc\u00eas Charles Perrault. Obra prima cl\u00e1ssica, o bal\u00e9 \u00e9 considerado um dos mais grandiosos j\u00e1 compostos, tendo alcan\u00e7ado a popularidade com ainda mais intensidade ao fazer parte da trilha sonora do filme hom\u00f4nimo estreado pelos est\u00fadios Disney.<\/p>\n<p>O programa prossegue com a brasileira Melodia Sentimental, de Heitor Villa-Lobos. A m\u00fasica \u00e9 parte integrante da cantata A Floresta do Amazonas, composta inicialmente para o filme de romance Green Mansions (1959), de Mel Ferrer. \u201cAmbas as pe\u00e7as tratam sobre o romance de uma forma muito caracter\u00edstica e bonita de se ouvir\u201d, destaca Brant.<\/p>\n<p><strong>\u00d3peras<\/strong><\/p>\n<p>Outro destaque ser\u00e1 a pe\u00e7a final da \u00f3pera Trist\u00e3o e Isolda, grande alegoria para a morte por amor, eternizada pela lenda medieval do celta. Composta pelo alem\u00e3o Richard Wagner, Trist\u00e3o e Isolda \u00e9 considerada uma das \u00f3peras mais famosas ao se tratar de amor rom\u00e2ntico: nitidamente dram\u00e1tica, sua melodia cria um clima de tens\u00e3o que traduz tema central, o amor imposs\u00edvel, e o encontro que culmina na morte tr\u00e1gica do casal.<\/p>\n<p>Para finalizar o repert\u00f3rio, a abertura da \u00f3pera O Morcego, de Johann Strauss II, traz um clima mais animado \u00e0 apresenta\u00e7\u00e3o. \u201cA ideia \u00e9 fechar o concerto com uma obra mais divertida. A abertura de O Morcego \u00e9 uma pe\u00e7a muito diversificada, possuindo valsas vienenses em sua composi\u00e7\u00e3o. Possivelmente o p\u00fablico j\u00e1 a escutou em algum filme ou desenho animado\u201d, conclui Brant.<\/p>\n<p><strong>Concertos no Parque<\/strong><\/p>\n<p>A s\u00e9rie Concertos no Parque \u00e9 realizada pelo \u00a0Minist\u00e9rio do Turismo,\u00a0<a href=\"https:\/\/www.mg.gov.br\/\" target=\"_blank\" rel=\"noopener\">Governo de Minas Gerais<\/a>,\u00a0<a href=\"https:\/\/www.secult.mg.gov.br\/\" target=\"_blank\" rel=\"noopener\">Secretaria de Estado de Cultura e Turismo de Minas Gerais (Secult)<\/a>\u00a0e pela Funda\u00e7\u00e3o Cl\u00f3vis Salgado (FCS), e \u00e9 correalizada pela\u00a0<a href=\"http:\/\/www.appa.art.br\/\" target=\"_blank\" rel=\"noopener\">APPA \u2013 Arte e Cultura<\/a>. Tem como apresentadora do Programa a\u00a0<a href=\"https:\/\/www.cemig.com.br\/\" target=\"_blank\" rel=\"noopener\">Cemig<\/a>, e como patrocinadores ArcellorMittal, AngloGold Ashanti, Instituto Unimed-BH (incentivo de mais de cinco mil m\u00e9dicos cooperados e colaboradores)\u00a0e Usiminas, por meio da Lei Federal de Incentivo \u00e0 Cultura. O Instituto Usiminas tamb\u00e9m apoia a s\u00e9rie.<\/p>\n<p><strong>FCS<\/strong><\/p>\n<p>A Funda\u00e7\u00e3o Cl\u00f3vis Salgado (FCS) \u00e9 integrante do\u00a0<a href=\"http:\/\/www.circuitoliberdade.mg.gov.br\/\" target=\"_blank\" rel=\"noopener\">Circuito Liberdade<\/a>, complexo cultural sob gest\u00e3o da Secult que re\u00fane diversos espa\u00e7os com as mais variadas formas de manifesta\u00e7\u00e3o de arte e de cultura em transversalidade com o turismo.<\/p>\n<p>Artes visuais, cinema, dan\u00e7a, m\u00fasica erudita e popular, \u00f3pera e teatro\u00a0constituem alguns dos campos em que s\u00e3o desenvolvidas as\u00a0in\u00fameras atividades oferecidas aos visitantes do Pal\u00e1cio das Artes, C\u00e2meraSete \u2013 Casa da Fotografia de Minas Gerais \u2013 e Serraria Souza Pinto, espa\u00e7os geridos pela FCS.\u00a0 A Institui\u00e7\u00e3o \u00e9 respons\u00e1vel tamb\u00e9m pela gest\u00e3o dos corpos art\u00edsticos \u2013 Cia. de Dan\u00e7a Pal\u00e1cio das Artes, Coral L\u00edrico de Minas Gerais e Orquestra Sinf\u00f4nica de Minas Gerais \u2013, do Cine Humberto Mauro, das Galerias de Arte e do Centro de Forma\u00e7\u00e3o Art\u00edstica e Tecnol\u00f3gica (Cefart).<\/p>\n<p>Em 2020, quando celebrou 50 anos, a FCS ampliou sua atua\u00e7\u00e3o em plataformas virtuais, disponibilizando sua programa\u00e7\u00e3o para p\u00fablico amplo e variado. O conjunto dessas atividades fortalece seu car\u00e1ter p\u00fablico, como\u00a0espa\u00e7o de todos e para todos, em sua miss\u00e3o de fomentar a cria\u00e7\u00e3o, forma\u00e7\u00e3o, produ\u00e7\u00e3o e difus\u00e3o da arte e da cultura.<\/p>\n<p><strong>Servi\u00e7o<\/p>\n<p>Concertos no Parque<\/p>\n<p>Data:<\/strong>\u00a012\/6\/2022 (domingo)<\/p>\n<p><strong>Hor\u00e1rio:<\/strong>\u00a010h<\/p>\n<p><strong>Local:\u00a0<\/strong>Parque Municipal Am\u00e9rico Renn\u00e9 Giannetti (Avenida Afonso Pena, n\u00famero 1.377 &#8211;\u00a0Centro &#8211;\u00a0Belo Horizonte\/MG)<\/p>\n<p><span style=\"font-weight: 400;\">Fonte: Ag\u00eancia Minas <\/span><\/p>\n","protected":false},"excerpt":{"rendered":"<p>A s\u00e9rie Concertos no Parque apresenta, neste domingo (12\/6), \u00e0s 10h, uma programa\u00e7\u00e3o especial para o Dia dos Namorados. Com reg\u00eancia do maestro assistente Andr\u00e9 Brant, a\u00a0Orquestra Sinf\u00f4nica de Minas Gerais (OSMG)\u00a0promete um concerto emocionante, trazendo no repert\u00f3rio, entre outros destaques, obras de\u00a0 Tchaikovsky, Villa-Lobos e\u00a0Rossini. O acesso ao evento promovido pela\u00a0Funda\u00e7\u00e3o Cl\u00f3vis Salgado (FCS)\u00a0\u00e9 [&hellip;]<\/p>\n","protected":false},"author":246,"featured_media":200206,"comment_status":"closed","ping_status":"closed","sticky":false,"template":"","format":"standard","meta":{"footnotes":""},"categories":[436,254,439],"tags":[],"class_list":["post-200205","post","type-post","status-publish","format-standard","has-post-thumbnail","hentry","category-destaque-da-semana","category-politica","category-ultima-hora"],"_links":{"self":[{"href":"https:\/\/diarioregionaldigital.com.br\/index.php?rest_route=\/wp\/v2\/posts\/200205","targetHints":{"allow":["GET"]}}],"collection":[{"href":"https:\/\/diarioregionaldigital.com.br\/index.php?rest_route=\/wp\/v2\/posts"}],"about":[{"href":"https:\/\/diarioregionaldigital.com.br\/index.php?rest_route=\/wp\/v2\/types\/post"}],"author":[{"embeddable":true,"href":"https:\/\/diarioregionaldigital.com.br\/index.php?rest_route=\/wp\/v2\/users\/246"}],"replies":[{"embeddable":true,"href":"https:\/\/diarioregionaldigital.com.br\/index.php?rest_route=%2Fwp%2Fv2%2Fcomments&post=200205"}],"version-history":[{"count":1,"href":"https:\/\/diarioregionaldigital.com.br\/index.php?rest_route=\/wp\/v2\/posts\/200205\/revisions"}],"predecessor-version":[{"id":200207,"href":"https:\/\/diarioregionaldigital.com.br\/index.php?rest_route=\/wp\/v2\/posts\/200205\/revisions\/200207"}],"wp:featuredmedia":[{"embeddable":true,"href":"https:\/\/diarioregionaldigital.com.br\/index.php?rest_route=\/wp\/v2\/media\/200206"}],"wp:attachment":[{"href":"https:\/\/diarioregionaldigital.com.br\/index.php?rest_route=%2Fwp%2Fv2%2Fmedia&parent=200205"}],"wp:term":[{"taxonomy":"category","embeddable":true,"href":"https:\/\/diarioregionaldigital.com.br\/index.php?rest_route=%2Fwp%2Fv2%2Fcategories&post=200205"},{"taxonomy":"post_tag","embeddable":true,"href":"https:\/\/diarioregionaldigital.com.br\/index.php?rest_route=%2Fwp%2Fv2%2Ftags&post=200205"}],"curies":[{"name":"wp","href":"https:\/\/api.w.org\/{rel}","templated":true}]}}