{"id":200201,"date":"2022-06-10T18:56:41","date_gmt":"2022-06-10T21:56:41","guid":{"rendered":"https:\/\/diarioregionaldigital.com.br\/?p=200201"},"modified":"2022-06-10T18:56:41","modified_gmt":"2022-06-10T21:56:41","slug":"terminal-rodoferroviario-inaugurado-em-iturama-no-triangulo-mineiro-representa-marco-logistico-no-estado","status":"publish","type":"post","link":"https:\/\/diarioregionaldigital.com.br\/?p=200201","title":{"rendered":"Terminal rodoferrovi\u00e1rio inaugurado em Iturama, no Tri\u00e2ngulo Mineiro, representa marco log\u00edstico no estado"},"content":{"rendered":"<p>O terminal rodoferrovi\u00e1rio Comendador Rubem Montenegro Wanderley, em Iturama, no Tri\u00e2ngulo Mineiro, j\u00e1 \u00e9 realidade. A unidade de transbordo instalada na usina Coruripe, uma das maiores do estado no setor sucroenerg\u00e9tico, est\u00e1 interligada ao trecho da Ferrovia Norte-Sul sob concess\u00e3o da Rumo, maior operadora de ferrovias do pa\u00eds.<\/p>\n<p>O terminal tem capacidade para movimentar 2 milh\u00f5es de toneladas de a\u00e7\u00facar de exporta\u00e7\u00e3o (VHP) por ano e representa um marco estrat\u00e9gico para a log\u00edstica da regi\u00e3o do Tri\u00e2ngulo Mineiro e contou com investimentos de R$ 95 milh\u00f5es por parte da Usina Coruripe.<\/p>\n<p>O novo terminal atender\u00e1, al\u00e9m do volume da Usina, outras empresas interessadas na log\u00edstica ferrovi\u00e1ria e inaugura a atividade comercial da Ferrovia Norte Sul, operada pela Rumo Log\u00edstica, no estado de Minas Gerais.<\/p>\n<p>O gerenciamento da infraestrutura ser\u00e1 feito pela empresa sucroenerg\u00e9tica, cabendo \u00e0 Rumo o transporte ferrovi\u00e1rio at\u00e9 o Porto de Santos.<\/p>\n<p>Foram gerados 350 empregos diretos na regi\u00e3o \u2014 sendo 300 pessoas contratadas para a constru\u00e7\u00e3o e outras 50 para a efetiva opera\u00e7\u00e3o do terminal, em vagas nas \u00e1reas de opera\u00e7\u00e3o de tombador, armazenagem e expedi\u00e7\u00e3o.<\/p>\n<p>\u201cEstive aqui, acompanhando o governador Romeu Zema, h\u00e1 dois anos, no lan\u00e7amento da pedra fundamental. Acreditamos que este terminal seja um reflexo de uma ideia que o governador vem procurando, incansavelmente, implantar no Estado, que \u00e9 a ideia de desburocratizar, facilitar o investimento e, acima de tudo, gerar empregos\u201d, comemorou o secret\u00e1rio de Estado de\u00a0<a href=\"http:\/\/www.infraestrutura.mg.gov.br\/\" target=\"_blank\" rel=\"noopener\">Infraestrutura e Mobilidade<\/a>, Fernando Marcato.<\/p>\n<p><strong>O terminal<\/strong><\/p>\n<p>O governador Romeu Zema participou, em outubro de 2020, do lan\u00e7amento da pedra fundamental do Terminal Comendador Rubem Montenegro Wanderley.<\/p>\n<p>O terminal iniciou a fase de testes em maio e a opera\u00e7\u00e3o com a capacidade total ser\u00e1 a partir deste m\u00eas. A unidade assegura competitividade nos fretes para todo o setor num raio entre 400 e 500 quil\u00f4metros. Com isso, vai atender todo o Tri\u00e2ngulo Mineiro e as usinas do Sul de Goi\u00e1s. A efici\u00eancia operacional \u00e9 o principal diferencial da unidade, que conta com uma \u00e1rea total de 20 hectares.<\/p>\n<p>A estrutura moderna e altamente produtiva inclui uma pera ferrovi\u00e1ria para agilizar o processo de carregamento, dois tombadores, um armaz\u00e9m de 45 mil toneladas de capacidade est\u00e1tica e uma tulha de carregamento de 1.500 toneladas por hora, com potencial para carregar tr\u00eas trens por dia de forma \u00e1gil e eficiente.<\/p>\n<p>J\u00e1 na parte de recep\u00e7\u00e3o rodovi\u00e1ria, a capacidade prevista \u00e9 de quase 300 caminh\u00f5es por dia. Considerando cada caminh\u00e3o carregado com 35 toneladas, o terminal poder\u00e1 receber 10 mil toneladas por dia.<\/p>\n<p>Estima-se a sa\u00edda de 15 trens por m\u00eas, com 120 vag\u00f5es cada, de Iturama em dire\u00e7\u00e3o ao porto de Santos, durante o pico da safra entre junho e outubro.<\/p>\n<p><span style=\"font-weight: 400;\"><br \/>\n<\/span><span style=\"font-weight: 400;\">Fonte: Ag\u00eancia Minas <\/span><\/p>\n","protected":false},"excerpt":{"rendered":"<p>O terminal rodoferrovi\u00e1rio Comendador Rubem Montenegro Wanderley, em Iturama, no Tri\u00e2ngulo Mineiro, j\u00e1 \u00e9 realidade. A unidade de transbordo instalada na usina Coruripe, uma das maiores do estado no setor sucroenerg\u00e9tico, est\u00e1 interligada ao trecho da Ferrovia Norte-Sul sob concess\u00e3o da Rumo, maior operadora de ferrovias do pa\u00eds. O terminal tem capacidade para movimentar 2 [&hellip;]<\/p>\n","protected":false},"author":246,"featured_media":200202,"comment_status":"closed","ping_status":"closed","sticky":false,"template":"","format":"standard","meta":{"footnotes":""},"categories":[436,254,439],"tags":[],"class_list":["post-200201","post","type-post","status-publish","format-standard","has-post-thumbnail","hentry","category-destaque-da-semana","category-politica","category-ultima-hora"],"_links":{"self":[{"href":"https:\/\/diarioregionaldigital.com.br\/index.php?rest_route=\/wp\/v2\/posts\/200201","targetHints":{"allow":["GET"]}}],"collection":[{"href":"https:\/\/diarioregionaldigital.com.br\/index.php?rest_route=\/wp\/v2\/posts"}],"about":[{"href":"https:\/\/diarioregionaldigital.com.br\/index.php?rest_route=\/wp\/v2\/types\/post"}],"author":[{"embeddable":true,"href":"https:\/\/diarioregionaldigital.com.br\/index.php?rest_route=\/wp\/v2\/users\/246"}],"replies":[{"embeddable":true,"href":"https:\/\/diarioregionaldigital.com.br\/index.php?rest_route=%2Fwp%2Fv2%2Fcomments&post=200201"}],"version-history":[{"count":2,"href":"https:\/\/diarioregionaldigital.com.br\/index.php?rest_route=\/wp\/v2\/posts\/200201\/revisions"}],"predecessor-version":[{"id":200204,"href":"https:\/\/diarioregionaldigital.com.br\/index.php?rest_route=\/wp\/v2\/posts\/200201\/revisions\/200204"}],"wp:featuredmedia":[{"embeddable":true,"href":"https:\/\/diarioregionaldigital.com.br\/index.php?rest_route=\/wp\/v2\/media\/200202"}],"wp:attachment":[{"href":"https:\/\/diarioregionaldigital.com.br\/index.php?rest_route=%2Fwp%2Fv2%2Fmedia&parent=200201"}],"wp:term":[{"taxonomy":"category","embeddable":true,"href":"https:\/\/diarioregionaldigital.com.br\/index.php?rest_route=%2Fwp%2Fv2%2Fcategories&post=200201"},{"taxonomy":"post_tag","embeddable":true,"href":"https:\/\/diarioregionaldigital.com.br\/index.php?rest_route=%2Fwp%2Fv2%2Ftags&post=200201"}],"curies":[{"name":"wp","href":"https:\/\/api.w.org\/{rel}","templated":true}]}}