{"id":200197,"date":"2022-06-10T18:54:09","date_gmt":"2022-06-10T21:54:09","guid":{"rendered":"https:\/\/diarioregionaldigital.com.br\/?p=200197"},"modified":"2022-06-10T18:54:09","modified_gmt":"2022-06-10T21:54:09","slug":"governo-de-minas-entrega-veiculos-que-vao-fortalecer-a-seguranca-publica-do-vale-do-mucuri","status":"publish","type":"post","link":"https:\/\/diarioregionaldigital.com.br\/?p=200197","title":{"rendered":"Governo de Minas entrega ve\u00edculos que v\u00e3o fortalecer a seguran\u00e7a p\u00fablica do Vale do Mucuri"},"content":{"rendered":"<p>O governador Romeu Zema participou, nesta sexta-feira (10\/6), no munic\u00edpio de Te\u00f3filo Otoni, no Vale do Mucuri, do evento de entrega de 16 ve\u00edculos para refor\u00e7ar as for\u00e7as de seguran\u00e7a da regi\u00e3o. S\u00e3o 15 viaturas que ser\u00e3o usadas em 15 munic\u00edpios pertencentes \u00e0 15\u00aa Regi\u00e3o da Pol\u00edcia Militar (RPM) e um ve\u00edculo que ir\u00e1 atender o Centro Educativo do munic\u00edpio.<\/p>\n<p>A aquisi\u00e7\u00e3o desses ve\u00edculos contribui para a moderniza\u00e7\u00e3o da frota da\u00a0<a href=\"http:\/\/www.policiamilitar.mg.gov.br\/\" target=\"_blank\" rel=\"noopener\">Pol\u00edcia Militar\u00a0de Minas Gerais (PMMG)<\/a>\u00a0e do\u00a0<a href=\"http:\/\/www.depen.seguranca.mg.gov.br\/\" target=\"_blank\" rel=\"noopener\">Departamento Penitenci\u00e1rio de Minas Gerais (Depen-MG)<\/a>, aumentando a seguran\u00e7a, qualificando o atendimento e o acompanhamento de indiv\u00edduos sob monitora\u00e7\u00e3o eletr\u00f4nica, al\u00e9m da escolta de indiv\u00edduos privados de liberdade.<\/p>\n<p>O governador visitou o 19\u00ba Batalh\u00e3o da Pol\u00edcia Militar, local onde as viaturas foram entregues, e refor\u00e7ou a import\u00e2ncia dos ve\u00edculos para melhorar a seguran\u00e7a dos mineiros. \u201cAs 15 viaturas representam mais um passo dado no sentido de refor\u00e7armos a seguran\u00e7a p\u00fablica de Minas. Al\u00e9m disso os ve\u00edculos da tropa s\u00e3o constantemente renovados, e temos outros projetos importantes sendo conduzidos no estado\u201d, disse.<\/p>\n<p>O coronel Sandro Heleno Gomes, comandante da 15\u00ba regi\u00e3o da Pol\u00edcia Militar, ressaltou que os ve\u00edculos v\u00e3o auxiliar na prote\u00e7\u00e3o da popula\u00e7\u00e3o. \u201cA oportuna chegada dessas 15 viaturas vai ao encontro da l\u00f3gica do Governo de Minas e do comando da Pol\u00edcia Militar, de melhorarmos, ainda mais, os aparelhos, os recursos humanos e o capital intelectual para promo\u00e7\u00e3o de uma melhor seguran\u00e7a p\u00fablica no nordeste mineiro. Esses ve\u00edculos s\u00e3o um presente para a popula\u00e7\u00e3o de Minas Gerais, que ficar\u00e3o mais seguros\u201d, afirmou.<\/p>\n<p><strong>Investimentos<\/strong><\/p>\n<p>Para este ano\u00a0est\u00e3o previstos, ainda, investimentos de R$12,8 milh\u00f5es para a Pol\u00edcia Militar de Te\u00f3filo Otoni para a digitaliza\u00e7\u00e3o da rede de r\u00e1dio e para a compra de sete armas de incapacita\u00e7\u00e3o neuromuscular.<\/p>\n<p>\u201c\u00c9 um investimento fundamental, pois muitas vezes no sinal anal\u00f3gico os criminosos conseguem captar algum sinal. Com a digitaliza\u00e7\u00e3o, isso fica imposs\u00edvel. Estamos investindo tamb\u00e9m R$ 112 milh\u00f5es na\u00a0<a href=\"http:\/\/www.policiacivil.mg.gov.br\/\" target=\"_blank\" rel=\"noopener\">Pol\u00edcia Civil de Minas Gerais (PCMG)<\/a>\u00a0e no sistema prisional de todo estado, que contemplar\u00e3o reforma de delegacias e melhorias de equipamentos dessas duas institui\u00e7\u00f5es\u201d, disse o governador.<\/p>\n<p>O sistema penitenci\u00e1rio de Te\u00f3filo Otoni tamb\u00e9m recebeu R$ 1,6 milh\u00e3o para a reforma dos pavilh\u00f5es carcer\u00e1rios da penitenci\u00e1ria da cidade. A obra, que est\u00e1 sendo realizada com m\u00e3o-de-obra de presos, tem a previs\u00e3o de ser entregue no pr\u00f3ximo dia 18 de junho.<\/p>\n<p>\u201cAinda na PM, iniciamos o teste da c\u00e2mera em 1.040 militares, que permite documentar a\u00e7\u00f5es e dar mais seguran\u00e7a aos policiais. S\u00e3o v\u00e1rias a\u00e7\u00f5es para que a pol\u00edcia tenha, cada vez mais, militares tecnol\u00f3gicos. Caso contr\u00e1rio ficaremos para tr\u00e1s dos criminosos, que est\u00e3o sempre inovando. E\u00a0<a href=\"http:\/\/www.seguranca.mg.gov.br\/\" target=\"_blank\" rel=\"noopener\">Seguran\u00e7a P\u00fablica<\/a>\u00a0\u00e9 fundamental para que tenhamos mais qualidade de vida e, tamb\u00e9m, ajuda na atra\u00e7\u00e3o de investimento, gerando empregos e oportunidades no estado\u201d, finalizou o governador.<\/p>\n<p><main class=\"clear margin-md-bottom-3\"><\/p>\n<div class=\"clear \">\n<p><strong>Viaturas<\/strong><\/p>\n<p>Para refor\u00e7ar o patrulhamento da corpora\u00e7\u00e3o foram adquiridas viaturas do modelo Renault Duster, com investimento de R$ 1,4 milh\u00e3o oriundos de emendas parlamentares. Por sua vez, o ve\u00edculo que atender\u00e1 o Centro Socioeducativo de Te\u00f3filo Otoni faz parte do investimento de R$ 8,8 milh\u00f5es feitos pelo governo de Minas na compra de 45 caminhonetes com tra\u00e7\u00e3o 4&#215;4 do modelo mitsubishi l200 que atender\u00e1 o Sistema Penitenci\u00e1rio mineiro.<\/p>\n<p><strong>Cidades beneficiadas<\/strong><\/p>\n<p>Al\u00e9m de Te\u00f3filo Otoni, receber\u00e3o viaturas os munic\u00edpios de: Santa Maria do Salto, Setubinha, Jord\u00e2nia. S\u00e3o Jos\u00e9 de Divino, Catuji, Bandeira, Divisa Alegre, Itaobim, Almenara, Ara\u00e7ua\u00ed, Fronteira dos Vales, \u00c1guas Formosas, Cara\u00ed e Rio Pardo.<\/p>\n<p><strong>Estado mais seguro<\/strong><\/p>\n<p>Em 2021, Minas teve o menor \u00edndice de criminalidade dos \u00faltimos dez anos, sendo o Estado mais seguro do pa\u00eds segundo o Minist\u00e9rio da Justi\u00e7a. A Pol\u00edcia Militar de Minas est\u00e1 entre as pol\u00edcias menos letais do pa\u00eds, atr\u00e1s apenas do Distrito Federal. A taxa m\u00e9dia de mortalidade por interven\u00e7\u00f5es policiais no Brasil em 2020 foi de 3,0 por grupo de 100 mil habitantes. Em Minas, a taxa foi de 0,6.<\/p>\n<p><strong>Encontro com produtores<\/strong><\/p>\n<p>Ainda em Te\u00f3filo Otoni, o governador participou de uma reuni\u00e3o com setor produtivo do Vale do Mucuri, realizada pela C\u00e2mara de Dirigentes Lojistas (CDL), com a presen\u00e7a do Sindicato Rural de Te\u00f3filo Otoni, Associa\u00e7\u00e3o Comercial, o Sindicato do Com\u00e9rcio e o Sindjoias.<\/p>\n<p>\u200bO encontro teve como objetivo escutar as demandas dos setores, reconhecer a\u00a0import\u00e2ncia deles para o desenvolvimento do Estado e aproximar o Governo de Minas dos comerciantes, produtores rurais e empres\u00e1rios do munic\u00edpio e da regi\u00e3o.<\/p>\n<p>&#8220;Estamos aqui reunidos com representantes do setor produtivo de extra\u00e7\u00e3o, com\u00e9rcio, ind\u00fastria e rural para escutar as demandas. O setor produtivo sempre merece uma aten\u00e7\u00e3o especial, pois \u00e9 onde os empregos acontecem. Queremos que Te\u00f3filo Otoni venha a agregar valor a essas gemas e pedras preciosas produzidas aqui, portanto nosso interesse \u00e9 estruturar esse setor adequadamente&#8221;, disse o governador.<\/p>\n<p><span style=\"font-weight: 400;\">Fonte: Ag\u00eancia Minas\u00a0<\/span><span style=\"font-weight: 400;\"><br \/>\n<\/span><\/p>\n<\/div>\n<p><\/main><\/p>\n","protected":false},"excerpt":{"rendered":"<p>O governador Romeu Zema participou, nesta sexta-feira (10\/6), no munic\u00edpio de Te\u00f3filo Otoni, no Vale do Mucuri, do evento de entrega de 16 ve\u00edculos para refor\u00e7ar as for\u00e7as de seguran\u00e7a da regi\u00e3o. S\u00e3o 15 viaturas que ser\u00e3o usadas em 15 munic\u00edpios pertencentes \u00e0 15\u00aa Regi\u00e3o da Pol\u00edcia Militar (RPM) e um ve\u00edculo que ir\u00e1 atender [&hellip;]<\/p>\n","protected":false},"author":246,"featured_media":200198,"comment_status":"closed","ping_status":"closed","sticky":false,"template":"","format":"standard","meta":{"footnotes":""},"categories":[436,254,439],"tags":[],"class_list":["post-200197","post","type-post","status-publish","format-standard","has-post-thumbnail","hentry","category-destaque-da-semana","category-politica","category-ultima-hora"],"_links":{"self":[{"href":"https:\/\/diarioregionaldigital.com.br\/index.php?rest_route=\/wp\/v2\/posts\/200197","targetHints":{"allow":["GET"]}}],"collection":[{"href":"https:\/\/diarioregionaldigital.com.br\/index.php?rest_route=\/wp\/v2\/posts"}],"about":[{"href":"https:\/\/diarioregionaldigital.com.br\/index.php?rest_route=\/wp\/v2\/types\/post"}],"author":[{"embeddable":true,"href":"https:\/\/diarioregionaldigital.com.br\/index.php?rest_route=\/wp\/v2\/users\/246"}],"replies":[{"embeddable":true,"href":"https:\/\/diarioregionaldigital.com.br\/index.php?rest_route=%2Fwp%2Fv2%2Fcomments&post=200197"}],"version-history":[{"count":2,"href":"https:\/\/diarioregionaldigital.com.br\/index.php?rest_route=\/wp\/v2\/posts\/200197\/revisions"}],"predecessor-version":[{"id":200200,"href":"https:\/\/diarioregionaldigital.com.br\/index.php?rest_route=\/wp\/v2\/posts\/200197\/revisions\/200200"}],"wp:featuredmedia":[{"embeddable":true,"href":"https:\/\/diarioregionaldigital.com.br\/index.php?rest_route=\/wp\/v2\/media\/200198"}],"wp:attachment":[{"href":"https:\/\/diarioregionaldigital.com.br\/index.php?rest_route=%2Fwp%2Fv2%2Fmedia&parent=200197"}],"wp:term":[{"taxonomy":"category","embeddable":true,"href":"https:\/\/diarioregionaldigital.com.br\/index.php?rest_route=%2Fwp%2Fv2%2Fcategories&post=200197"},{"taxonomy":"post_tag","embeddable":true,"href":"https:\/\/diarioregionaldigital.com.br\/index.php?rest_route=%2Fwp%2Fv2%2Ftags&post=200197"}],"curies":[{"name":"wp","href":"https:\/\/api.w.org\/{rel}","templated":true}]}}