{"id":200193,"date":"2022-06-10T18:50:26","date_gmt":"2022-06-10T21:50:26","guid":{"rendered":"https:\/\/diarioregionaldigital.com.br\/?p=200193"},"modified":"2022-06-10T18:50:26","modified_gmt":"2022-06-10T21:50:26","slug":"mais-cinco-maquinas-sao-entregues-a-municipios-atingidos-pelo-rompimento-das-barragens-em-brumadinho","status":"publish","type":"post","link":"https:\/\/diarioregionaldigital.com.br\/?p=200193","title":{"rendered":"Mais cinco m\u00e1quinas s\u00e3o entregues a munic\u00edpios atingidos pelo rompimento das barragens em Brumadinho"},"content":{"rendered":"<p>O munic\u00edpio de Caetan\u00f3polis, na Regi\u00e3o Metropolitana de Belo Horizonte (RMBH), recebeu o primeiro de tr\u00eas maquin\u00e1rios que ser\u00e3o entregues ao munic\u00edpio como parte do\u00a0<a href=\"https:\/\/www.mg.gov.br\/pro-brumadinho\/pagina\/entenda-o-acordo-judicial\" target=\"_blank\" rel=\"noopener\">Termo de Repara\u00e7\u00e3o de Brumadinho<\/a>. Al\u00e9m dele, Abaet\u00e9 e Felixl\u00e2ndia, na regi\u00e3o Central, e Betim e Esmeraldas, na RMBH, foram contemplados com as segundas entregas. Os cinco munic\u00edpios receberam uma p\u00e1 escavadeira, no valor de R$ 622 mil, cada.<\/p>\n<p>Ao longo de 2022, ser\u00e3o entregues 75 ve\u00edculos para 25 munic\u00edpios atingidos pelo rompimento das barragens de Brumadinho, na Bacia do Rio Paraopeba. As entregas pelos fornecedores ser\u00e3o realizadas de acordo com a disponibilidade dos maquin\u00e1rios definidos pelas prefeituras no momento de defini\u00e7\u00e3o do escopo do projeto. At\u00e9 o momento, 13 munic\u00edpios foram contemplados com o recebimento de pelo menos uma m\u00e1quina. Al\u00e9m dos j\u00e1 citados, tamb\u00e9m receberam Pequi, Paraopeba, Curvelo, Florestal, Juatuba, Igarap\u00e9, Fortuna de Minas e Pomp\u00e9u.<\/p>\n<p>As entregas s\u00e3o parte do projeto de repara\u00e7\u00e3o socioecon\u00f4mica \u201cManuten\u00e7\u00e3o de estradas rurais e trabalhos de recupera\u00e7\u00e3o ambiental\u201d, do anexo I.3 do Termo de Repara\u00e7\u00e3o, assinado entre os compromitentes \u2013\u00a0<a href=\"https:\/\/www.mg.gov.br\/\" target=\"_blank\" rel=\"noopener\">Governo de Minas<\/a>, Minist\u00e9rio P\u00fablico de Minas Gerais, Minist\u00e9rio P\u00fablico Federal e Defensoria P\u00fablica de Minas Gerais \u2013 e a compromiss\u00e1ria, Vale.<\/p>\n<p>A secret\u00e1ria de Planejamento e Gest\u00e3o de Minas Gerais, Lu\u00edsa Barreto, reafirma o compromisso das institui\u00e7\u00f5es na execu\u00e7\u00e3o do projeto. \u201cA entrega dessas m\u00e1quinas mostra o comprometimento do Governo do Estado para que a popula\u00e7\u00e3o dos munic\u00edpios atingidos seja de fato beneficiada pelos resultados do termo de repara\u00e7\u00e3o com a\u00e7\u00f5es efetivas de melhorias em suas cidades e em suas vidas, mas sem nos esquecermos nunca que esse termo deriva de uma trag\u00e9dia que infelizmente causou muita tristeza e dor\u201d, ressalta.<\/p>\n<p>Ainda fazem parte da lista de munic\u00edpios que receber\u00e3o os equipamentos Biquinhas, Maravilhas, M\u00e1rio Campos, Mateus Leme, Morada Nova de Minas, Paineiras, Papagaios, Par\u00e1 de Minas, S\u00e3o Gon\u00e7alo do Abaet\u00e9, S\u00e3o Joaquim de Bicas, S\u00e3o Jos\u00e9 de Varginha e Tr\u00eas Marias.<\/p>\n<p><strong>Caetan\u00f3polis<\/strong><\/p>\n<p>O superintendente de Log\u00edstica e Infraestrutura Rural da\u00a0<a href=\"http:\/\/www.agricultura.mg.gov.br\/\" target=\"_blank\" rel=\"noopener\">Secretaria de Estado de Agricultura, Pecu\u00e1ria e Abastecimento (Seapa)<\/a>, Ronaldo Lima Rodrigues, acompanhou o recebimento da p\u00e1 carregadeira pela Prefeitura de Caetan\u00f3polis nessa quinta-feira (9\/6).<\/p>\n<p>&#8220;Quero dar destaque ao vi\u00e9s ambiental deste projeto, muito preocupado com a perfeita compacta\u00e7\u00e3o do solo, do leito dessas estradas, com a drenagem da \u00e1gua da chuva, a constru\u00e7\u00e3o de bols\u00f5es, para que a gente possa evitar o assoreamento de rios, c\u00f3rregos e nascentes. N\u00f3s da \u00e1rea t\u00e9cnica da Seapa vamos acompanhar a execu\u00e7\u00e3o deste projeto nos 25 munic\u00edpios&#8221;, afirma Rodrigues.<\/p>\n<p>Para o prefeito Jo\u00e3o Proc\u00f3pio, o equipamento promover\u00e1 avan\u00e7os na qualidade de vida da popula\u00e7\u00e3o. \u201cA m\u00e1quina chega em um momento muito importante para o nosso munic\u00edpio, que tem uma extens\u00e3o rural muito grande. A gente precisa fazer melhorias para os moradores dessas \u00e1reas e o maquin\u00e1rio vai somar muito para o bom desenvolvimento e o crescimento de Caetan\u00f3polis\u201d, relata.<\/p>\n<p><strong>Recupera\u00e7\u00e3o<\/strong><\/p>\n<p>Al\u00e9m do recebimento das tr\u00eas m\u00e1quinas por cada um dos 25 munic\u00edpios, o projeto prev\u00ea uma segunda fase, tamb\u00e9m em execu\u00e7\u00e3o, com capacita\u00e7\u00f5es t\u00e9cnicas para servidores das prefeituras, visando o uso dos ve\u00edculos focado em uma recupera\u00e7\u00e3o sustent\u00e1vel e ecol\u00f3gica das estradas. Essas vias s\u00e3o importantes para o escoamento da produ\u00e7\u00e3o agropecu\u00e1ria nas regi\u00f5es e para a trafegabilidade da popula\u00e7\u00e3o moradora das \u00e1reas rurais.<\/p>\n<p>As duas fases do projeto somam um investimento de aproximadamente R$ 51,5 milh\u00f5es, sendo R$ 48.976.064 para a fase 1 e R$ 2.519.397 para a fase 2. Os equipamentos, por sua vez, foram escolhidos pelos gestores municipais, dentre um rol de ve\u00edculos dispon\u00edveis no mercado, de acordo com as necessidades dos munic\u00edpios.<\/p>\n<p>Os anexos I.3 e I.4 do Termo de Repara\u00e7\u00e3o incluem nove projetos em execu\u00e7\u00e3o nos 25 munic\u00edpios da bacia do Paraopeba e sete projetos iniciados em Brumadinho. Encontram-se em detalhamento, pela Vale, os projetos selecionados ap\u00f3s o processo de consulta popular, realizado em novembro de 2021. No total, foram 112 iniciativas selecionadas, com a participa\u00e7\u00e3o da popula\u00e7\u00e3o atingida, que apontou as prioridades para investimentos.<\/p>\n<p>O termo tem como objetivo reparar os danos causados pelo rompimento das barragens da Vale S.A. em Brumadinho, que tirou a vida de 272 pessoas e gerou uma s\u00e9rie de impactos sociais, ambientais e econ\u00f4micos na bacia do Rio Paraopeba e em todo o estado.<\/p>\n<p><span style=\"font-weight: 400;\">Fonte: Ag\u00eancia Minas <\/span><\/p>\n","protected":false},"excerpt":{"rendered":"<p>O munic\u00edpio de Caetan\u00f3polis, na Regi\u00e3o Metropolitana de Belo Horizonte (RMBH), recebeu o primeiro de tr\u00eas maquin\u00e1rios que ser\u00e3o entregues ao munic\u00edpio como parte do\u00a0Termo de Repara\u00e7\u00e3o de Brumadinho. Al\u00e9m dele, Abaet\u00e9 e Felixl\u00e2ndia, na regi\u00e3o Central, e Betim e Esmeraldas, na RMBH, foram contemplados com as segundas entregas. Os cinco munic\u00edpios receberam uma p\u00e1 [&hellip;]<\/p>\n","protected":false},"author":246,"featured_media":200195,"comment_status":"closed","ping_status":"closed","sticky":false,"template":"","format":"standard","meta":{"footnotes":""},"categories":[436,440,254,439],"tags":[],"class_list":["post-200193","post","type-post","status-publish","format-standard","has-post-thumbnail","hentry","category-destaque-da-semana","category-destaques-do-dia","category-politica","category-ultima-hora"],"_links":{"self":[{"href":"https:\/\/diarioregionaldigital.com.br\/index.php?rest_route=\/wp\/v2\/posts\/200193","targetHints":{"allow":["GET"]}}],"collection":[{"href":"https:\/\/diarioregionaldigital.com.br\/index.php?rest_route=\/wp\/v2\/posts"}],"about":[{"href":"https:\/\/diarioregionaldigital.com.br\/index.php?rest_route=\/wp\/v2\/types\/post"}],"author":[{"embeddable":true,"href":"https:\/\/diarioregionaldigital.com.br\/index.php?rest_route=\/wp\/v2\/users\/246"}],"replies":[{"embeddable":true,"href":"https:\/\/diarioregionaldigital.com.br\/index.php?rest_route=%2Fwp%2Fv2%2Fcomments&post=200193"}],"version-history":[{"count":1,"href":"https:\/\/diarioregionaldigital.com.br\/index.php?rest_route=\/wp\/v2\/posts\/200193\/revisions"}],"predecessor-version":[{"id":200196,"href":"https:\/\/diarioregionaldigital.com.br\/index.php?rest_route=\/wp\/v2\/posts\/200193\/revisions\/200196"}],"wp:featuredmedia":[{"embeddable":true,"href":"https:\/\/diarioregionaldigital.com.br\/index.php?rest_route=\/wp\/v2\/media\/200195"}],"wp:attachment":[{"href":"https:\/\/diarioregionaldigital.com.br\/index.php?rest_route=%2Fwp%2Fv2%2Fmedia&parent=200193"}],"wp:term":[{"taxonomy":"category","embeddable":true,"href":"https:\/\/diarioregionaldigital.com.br\/index.php?rest_route=%2Fwp%2Fv2%2Fcategories&post=200193"},{"taxonomy":"post_tag","embeddable":true,"href":"https:\/\/diarioregionaldigital.com.br\/index.php?rest_route=%2Fwp%2Fv2%2Ftags&post=200193"}],"curies":[{"name":"wp","href":"https:\/\/api.w.org\/{rel}","templated":true}]}}