{"id":200187,"date":"2022-06-10T17:58:17","date_gmt":"2022-06-10T20:58:17","guid":{"rendered":"https:\/\/diarioregionaldigital.com.br\/?p=200187"},"modified":"2022-06-10T17:58:17","modified_gmt":"2022-06-10T20:58:17","slug":"preco-unitario-da-acao-da-eletrobras-ficou-em-r-42","status":"publish","type":"post","link":"https:\/\/diarioregionaldigital.com.br\/?p=200187","title":{"rendered":"Pre\u00e7o unit\u00e1rio da a\u00e7\u00e3o da Eletrobras ficou em R$ 42"},"content":{"rendered":"<p>A Eletrobras divulgou hoje (10) fato relevante com o valor de cada a\u00e7\u00e3o definido em R$ 42. De acordo com o comunicado da empresa, o montante total a ser levantado ser\u00e1 de R$ 29.294.027.952,00.<img decoding=\"async\" src=\"https:\/\/agenciabrasil.ebc.com.br\/ebc.png?id=1465007&amp;o=node\" \/><img decoding=\"async\" src=\"https:\/\/agenciabrasil.ebc.com.br\/ebc.gif?id=1465007&amp;o=node\" \/><\/p>\n<p>O pre\u00e7o da American Depositary Share (ADS, a\u00e7\u00e3o deposit\u00e1ria americana, que \u00e9 uma participa\u00e7\u00e3o acion\u00e1ria em d\u00f3lares de uma empresa estrangeira em bolsa de valores dos Estados Unidos) ficou em US$ 8,63.<\/p>\n<p>O comunicado da empresa acrescenta que n\u00e3o ser\u00e1 realizado &#8220;qualquer registro da oferta p\u00fablica global ou das a\u00e7\u00f5es em qualquer ag\u00eancia ou \u00f3rg\u00e3o regulador, exceto no Brasil, junto \u00e0 CVM [Comiss\u00e3o de Valores Mobili\u00e1rios], e nos Estados Unidos da Am\u00e9rica, junto \u00e0 SEC [Securities end Exchange Commission, ag\u00eancia que regula o mercado norte-americano]&#8221;.<\/p>\n<p>Segundo a Eletrobras, mais informa\u00e7\u00f5es sobre a oferta brasileira podem ser obtidas no Prospecto Definitivo e An\u00fancio de In\u00edcio divulgados na\u00a0<a href=\"https:\/\/ri.eletrobras.com\/oferta-publica\/\">p\u00e1gina da Eletrobras<\/a>.<\/p>\n<p><span style=\"font-weight: 400;\">Fonte: Ag\u00eancia Brasil <\/span><\/p>\n","protected":false},"excerpt":{"rendered":"<p>A Eletrobras divulgou hoje (10) fato relevante com o valor de cada a\u00e7\u00e3o definido em R$ 42. De acordo com o comunicado da empresa, o montante total a ser levantado ser\u00e1 de R$ 29.294.027.952,00. O pre\u00e7o da American Depositary Share (ADS, a\u00e7\u00e3o deposit\u00e1ria americana, que \u00e9 uma participa\u00e7\u00e3o acion\u00e1ria em d\u00f3lares de uma empresa estrangeira [&hellip;]<\/p>\n","protected":false},"author":246,"featured_media":200188,"comment_status":"closed","ping_status":"closed","sticky":false,"template":"","format":"standard","meta":{"footnotes":""},"categories":[436,261,439],"tags":[],"class_list":["post-200187","post","type-post","status-publish","format-standard","has-post-thumbnail","hentry","category-destaque-da-semana","category-economia","category-ultima-hora"],"_links":{"self":[{"href":"https:\/\/diarioregionaldigital.com.br\/index.php?rest_route=\/wp\/v2\/posts\/200187","targetHints":{"allow":["GET"]}}],"collection":[{"href":"https:\/\/diarioregionaldigital.com.br\/index.php?rest_route=\/wp\/v2\/posts"}],"about":[{"href":"https:\/\/diarioregionaldigital.com.br\/index.php?rest_route=\/wp\/v2\/types\/post"}],"author":[{"embeddable":true,"href":"https:\/\/diarioregionaldigital.com.br\/index.php?rest_route=\/wp\/v2\/users\/246"}],"replies":[{"embeddable":true,"href":"https:\/\/diarioregionaldigital.com.br\/index.php?rest_route=%2Fwp%2Fv2%2Fcomments&post=200187"}],"version-history":[{"count":1,"href":"https:\/\/diarioregionaldigital.com.br\/index.php?rest_route=\/wp\/v2\/posts\/200187\/revisions"}],"predecessor-version":[{"id":200189,"href":"https:\/\/diarioregionaldigital.com.br\/index.php?rest_route=\/wp\/v2\/posts\/200187\/revisions\/200189"}],"wp:featuredmedia":[{"embeddable":true,"href":"https:\/\/diarioregionaldigital.com.br\/index.php?rest_route=\/wp\/v2\/media\/200188"}],"wp:attachment":[{"href":"https:\/\/diarioregionaldigital.com.br\/index.php?rest_route=%2Fwp%2Fv2%2Fmedia&parent=200187"}],"wp:term":[{"taxonomy":"category","embeddable":true,"href":"https:\/\/diarioregionaldigital.com.br\/index.php?rest_route=%2Fwp%2Fv2%2Fcategories&post=200187"},{"taxonomy":"post_tag","embeddable":true,"href":"https:\/\/diarioregionaldigital.com.br\/index.php?rest_route=%2Fwp%2Fv2%2Ftags&post=200187"}],"curies":[{"name":"wp","href":"https:\/\/api.w.org\/{rel}","templated":true}]}}