{"id":200180,"date":"2022-06-10T17:53:25","date_gmt":"2022-06-10T20:53:25","guid":{"rendered":"https:\/\/diarioregionaldigital.com.br\/?p=200180"},"modified":"2022-06-10T17:53:25","modified_gmt":"2022-06-10T20:53:25","slug":"confianca-do-empresario-da-industria-sobe-13-ponto-em-junho","status":"publish","type":"post","link":"https:\/\/diarioregionaldigital.com.br\/?p=200180","title":{"rendered":"Confian\u00e7a do empres\u00e1rio da ind\u00fastria sobe 1,3 ponto em junho"},"content":{"rendered":"<p>Apesar da\u00a0<a href=\"https:\/\/agenciabrasil.ebc.com.br\/economia\/noticia\/2022-06\/atividade-e-nivel-de-emprego-da-industria-caem-em-abril-mostra-cni\" target=\"_blank\" rel=\"noopener\">queda recente<\/a>\u00a0da atividade industrial, a confian\u00e7a do empres\u00e1rio da ind\u00fastria aumentou e atingiu o maior n\u00edvel desde outubro do ano passado. Segundo a Confedera\u00e7\u00e3o Nacional da Ind\u00fastria (CNI), o \u00cdndice de Confian\u00e7a do Empres\u00e1rio Industrial (Icei) subiu 1,3 ponto em junho, de 56,5\u00a0para 57,8.<img decoding=\"async\" src=\"https:\/\/agenciabrasil.ebc.com.br\/ebc.png?id=1464996&amp;o=node\" \/><img decoding=\"async\" src=\"https:\/\/agenciabrasil.ebc.com.br\/ebc.gif?id=1464996&amp;o=node\" \/><\/p>\n<p>O \u00edndice est\u00e1 acima da m\u00e9dia hist\u00f3ria, de 54,2 pontos. O Icei tem\u00a0linha divis\u00f3ria de 50 pontos, indicando confian\u00e7a acima desse n\u00edvel e falta de confian\u00e7a abaixo desse valor. Divulgado mensalmente, o indicador antecede o desempenho industrial e sinaliza a tend\u00eancia da produ\u00e7\u00e3o industrial para os pr\u00f3ximos meses.<\/p>\n<p>Todos os componentes do \u00edndice subiram. O \u00cdndice de Condi\u00e7\u00f5es Atuais avan\u00e7ou 2,1 pontos, de 49,4 pontos para 51,5. Ao ultrapassar o ponto de corte de 50 pontos, o \u00edndice demonstra transi\u00e7\u00e3o de uma percep\u00e7\u00e3o negativa para uma percep\u00e7\u00e3o positiva do setor industrial em rela\u00e7\u00e3o \u00e0s condi\u00e7\u00f5es atuais em rela\u00e7\u00e3o aos \u00faltimos seis meses.<\/p>\n<p>O \u00cdndice de Expectativas, que mede as previs\u00f5es dos empres\u00e1rios para os pr\u00f3ximos seis meses, avan\u00e7ou um ponto, para 61. Ao se afastar para mais acima da linha divis\u00f3ria de 50 pontos, o \u00edndice indica maior otimismo da ind\u00fastria.<\/p>\n<p>Segundo o gerente de An\u00e1lise Econ\u00f4mica da CNI, Marcelo Azevedo, ainda h\u00e1 desconfian\u00e7a sobre a economia no curto prazo, mesmo com a alta recente do \u00edndice. A avalia\u00e7\u00e3o das condi\u00e7\u00f5es atuais da empresa e para os pr\u00f3ximos seis meses tornou-se mais positiva.<\/p>\n<p>A pesquisa ouviu 1.573 empresas em todo o pa\u00eds entre 1\u00ba e\u00a07 de junho. Desse total, 603 s\u00e3o de pequeno porte, 592 de m\u00e9dio porte e 378 de grande porte.<\/p>\n<p><span style=\"font-weight: 400;\">Fonte: Ag\u00eancia Brasil <\/span><\/p>\n","protected":false},"excerpt":{"rendered":"<p>Apesar da\u00a0queda recente\u00a0da atividade industrial, a confian\u00e7a do empres\u00e1rio da ind\u00fastria aumentou e atingiu o maior n\u00edvel desde outubro do ano passado. Segundo a Confedera\u00e7\u00e3o Nacional da Ind\u00fastria (CNI), o \u00cdndice de Confian\u00e7a do Empres\u00e1rio Industrial (Icei) subiu 1,3 ponto em junho, de 56,5\u00a0para 57,8. O \u00edndice est\u00e1 acima da m\u00e9dia hist\u00f3ria, de 54,2 pontos. [&hellip;]<\/p>\n","protected":false},"author":246,"featured_media":200181,"comment_status":"closed","ping_status":"closed","sticky":false,"template":"","format":"standard","meta":{"footnotes":""},"categories":[436,440,261,439],"tags":[],"class_list":["post-200180","post","type-post","status-publish","format-standard","has-post-thumbnail","hentry","category-destaque-da-semana","category-destaques-do-dia","category-economia","category-ultima-hora"],"_links":{"self":[{"href":"https:\/\/diarioregionaldigital.com.br\/index.php?rest_route=\/wp\/v2\/posts\/200180","targetHints":{"allow":["GET"]}}],"collection":[{"href":"https:\/\/diarioregionaldigital.com.br\/index.php?rest_route=\/wp\/v2\/posts"}],"about":[{"href":"https:\/\/diarioregionaldigital.com.br\/index.php?rest_route=\/wp\/v2\/types\/post"}],"author":[{"embeddable":true,"href":"https:\/\/diarioregionaldigital.com.br\/index.php?rest_route=\/wp\/v2\/users\/246"}],"replies":[{"embeddable":true,"href":"https:\/\/diarioregionaldigital.com.br\/index.php?rest_route=%2Fwp%2Fv2%2Fcomments&post=200180"}],"version-history":[{"count":2,"href":"https:\/\/diarioregionaldigital.com.br\/index.php?rest_route=\/wp\/v2\/posts\/200180\/revisions"}],"predecessor-version":[{"id":200183,"href":"https:\/\/diarioregionaldigital.com.br\/index.php?rest_route=\/wp\/v2\/posts\/200180\/revisions\/200183"}],"wp:featuredmedia":[{"embeddable":true,"href":"https:\/\/diarioregionaldigital.com.br\/index.php?rest_route=\/wp\/v2\/media\/200181"}],"wp:attachment":[{"href":"https:\/\/diarioregionaldigital.com.br\/index.php?rest_route=%2Fwp%2Fv2%2Fmedia&parent=200180"}],"wp:term":[{"taxonomy":"category","embeddable":true,"href":"https:\/\/diarioregionaldigital.com.br\/index.php?rest_route=%2Fwp%2Fv2%2Fcategories&post=200180"},{"taxonomy":"post_tag","embeddable":true,"href":"https:\/\/diarioregionaldigital.com.br\/index.php?rest_route=%2Fwp%2Fv2%2Ftags&post=200180"}],"curies":[{"name":"wp","href":"https:\/\/api.w.org\/{rel}","templated":true}]}}