{"id":200177,"date":"2022-06-10T13:24:01","date_gmt":"2022-06-10T16:24:01","guid":{"rendered":"https:\/\/diarioregionaldigital.com.br\/?p=200177"},"modified":"2022-06-10T13:24:01","modified_gmt":"2022-06-10T16:24:01","slug":"policia-militar-prende-autores-e-apreende-drogas-durante-operacao-alferes-no-bairro-jardim-de-ala","status":"publish","type":"post","link":"https:\/\/diarioregionaldigital.com.br\/?p=200177","title":{"rendered":"Pol\u00edcia Militar prende autores e apreende drogas Durante Opera\u00e7\u00e3o Alferes no bairro Jardim de Al\u00e1"},"content":{"rendered":"<p>No dia 09jun22 por volta das 12h45min, durante desencadeamento da Opera\u00e7\u00e3o Alferes Tiradentes, os militares deslocaram at\u00e9 a Rua Manoel Moreira de Moraes no bairro Jardim de Al\u00e1 para cumprimento de Mandado de busca, foram localizados os seguintes materiais: 02 carregadores de pistola 9 mm, R$250,00 reais, 02 aparelhos celulares, 59 muni\u00e7\u00f5es cal. 380, 12 muni\u00e7\u00f5es cal. 9 mm, 08 muni\u00e7\u00f5es cal.38, 08 barras de coca\u00edna, 01 barra de crack, 09 sacos com subst\u00e2ncias branca, 02 vidros de \u00e9ter, 01 frasco de ibiscus liquido, 14 p\u00e9s de maconha, 01 ve\u00edculo Honda Civic, 01 pistola Smith e Wesson Cal. 9 mm, 01 rev\u00f3lver cal. 38 e 01 identidade falsa que era utilizada pelo autor de 32 anos que foi preso.<\/p>\n","protected":false},"excerpt":{"rendered":"<p>No dia 09jun22 por volta das 12h45min, durante desencadeamento da Opera\u00e7\u00e3o Alferes Tiradentes, os militares deslocaram at\u00e9 a Rua Manoel Moreira de Moraes no bairro Jardim de Al\u00e1 para cumprimento de Mandado de busca, foram localizados os seguintes materiais: 02 carregadores de pistola 9 mm, R$250,00 reais, 02 aparelhos celulares, 59 muni\u00e7\u00f5es cal. 380, 12 [&hellip;]<\/p>\n","protected":false},"author":246,"featured_media":200178,"comment_status":"closed","ping_status":"closed","sticky":false,"template":"","format":"standard","meta":{"footnotes":""},"categories":[301,439],"tags":[],"class_list":["post-200177","post","type-post","status-publish","format-standard","has-post-thumbnail","hentry","category-artigos-policiais","category-ultima-hora"],"_links":{"self":[{"href":"https:\/\/diarioregionaldigital.com.br\/index.php?rest_route=\/wp\/v2\/posts\/200177","targetHints":{"allow":["GET"]}}],"collection":[{"href":"https:\/\/diarioregionaldigital.com.br\/index.php?rest_route=\/wp\/v2\/posts"}],"about":[{"href":"https:\/\/diarioregionaldigital.com.br\/index.php?rest_route=\/wp\/v2\/types\/post"}],"author":[{"embeddable":true,"href":"https:\/\/diarioregionaldigital.com.br\/index.php?rest_route=\/wp\/v2\/users\/246"}],"replies":[{"embeddable":true,"href":"https:\/\/diarioregionaldigital.com.br\/index.php?rest_route=%2Fwp%2Fv2%2Fcomments&post=200177"}],"version-history":[{"count":1,"href":"https:\/\/diarioregionaldigital.com.br\/index.php?rest_route=\/wp\/v2\/posts\/200177\/revisions"}],"predecessor-version":[{"id":200179,"href":"https:\/\/diarioregionaldigital.com.br\/index.php?rest_route=\/wp\/v2\/posts\/200177\/revisions\/200179"}],"wp:featuredmedia":[{"embeddable":true,"href":"https:\/\/diarioregionaldigital.com.br\/index.php?rest_route=\/wp\/v2\/media\/200178"}],"wp:attachment":[{"href":"https:\/\/diarioregionaldigital.com.br\/index.php?rest_route=%2Fwp%2Fv2%2Fmedia&parent=200177"}],"wp:term":[{"taxonomy":"category","embeddable":true,"href":"https:\/\/diarioregionaldigital.com.br\/index.php?rest_route=%2Fwp%2Fv2%2Fcategories&post=200177"},{"taxonomy":"post_tag","embeddable":true,"href":"https:\/\/diarioregionaldigital.com.br\/index.php?rest_route=%2Fwp%2Fv2%2Ftags&post=200177"}],"curies":[{"name":"wp","href":"https:\/\/api.w.org\/{rel}","templated":true}]}}