{"id":200174,"date":"2022-06-10T01:40:55","date_gmt":"2022-06-10T04:40:55","guid":{"rendered":"https:\/\/diarioregionaldigital.com.br\/?p=200174"},"modified":"2022-06-10T01:40:55","modified_gmt":"2022-06-10T04:40:55","slug":"santidade-2","status":"publish","type":"post","link":"https:\/\/diarioregionaldigital.com.br\/?p=200174","title":{"rendered":"Santidade"},"content":{"rendered":"<p>Filipenses 2: 13. Porque Deus \u00e9 o que opera em v\u00f3s tanto o querer como o efetuar, segundo a sua boa vontade. &#8211; B\u00edblia ACF<\/p>\n<p>Veja que profundo \u00e9 esse vers\u00edculo. Ele nos fala sobre uma espec\u00edfica fase na caminhada da f\u00e9: a santifica\u00e7\u00e3o.<\/p>\n<p>Segundo as Escrituras, existe um caminho de regenera\u00e7\u00e3o do ser humano.<\/p>\n<p>Primeiro ele encontra Jesus que \u00e9 a revela\u00e7\u00e3o definitiva de Deus: \u201cDisse-lhe Jesus: Eu sou o caminho, e a verdade e a vida; ningu\u00e9m vem ao Pai, sen\u00e3o por mim\u201d (Jo\u00e3o 14: 6).<\/p>\n<p>Ent\u00e3o, a palavra da verdade desperta a f\u00e9: \u201cDe sorte que a f\u00e9 \u00e9 pelo ouvir, e o ouvir pela palavra de Deus\u201d (Romanos 10: 17).<\/p>\n<p>A f\u00e9 nos leva ao conhecimento que tr\u00e1s consigo o arrependimento: \u201cArrependei-vos, pois, e convertei-vos, para que sejam apagados os vossos pecados, e para que venham assim os tempos do refrig\u00e9rio pela presen\u00e7a do Senhor\u201d (Atos 3: 19).<\/p>\n<p>O batismo representa cerimonialmente esse arrependimento, que \u00e9 a morte para o pecado, juntamente com a \u201cressurrei\u00e7\u00e3o\u201d que consiste no novo nascimento para uma vida em Deus: \u201cE os que ouviram foram batizados em nome do Senhor Jesus\u201d (Atos 19: 5).<\/p>\n<p>A partir do momento em que se aceita a nova vida, o Senhor derrama seu Santo Esp\u00edrito que passa a habitar em n\u00f3s: \u201cOu n\u00e3o sabeis que o vosso corpo \u00e9 o templo do Esp\u00edrito Santo, que habita em v\u00f3s, proveniente de Deus, e que n\u00e3o sois de v\u00f3s mesmos?\u201d (1 Cor\u00edntios 6: 19)<\/p>\n<p>\u00c9 o Esp\u00edrito Santo que atua, de dentro para fora, nos transformando em novas criaturas, aquelas capazes de fazer a vontade do Pai: \u201cMas aquele Consolador, o Esp\u00edrito Santo, que o Pai enviar\u00e1 em meu nome, esse vos ensinar\u00e1 todas as coisas, e vos far\u00e1 lembrar de tudo quanto vos tenho dito\u201d (Jo\u00e3o 14: 26).<\/p>\n<p>\u00c9 neste ponto que encontramos o verso que encabe\u00e7aoo artigo em tela: \u201cPorque Deus \u00e9 o que opera em v\u00f3s tanto o querer como o efetuar, segundo a sua boa vontade\u201d.<\/p>\n<p>Quando o Esp\u00edrito Santo toma o controle, apenas a partir desse momento, \u00e9 que nos tornamos novidade de vida, ent\u00e3o tudo se transforma, n\u00e3o sou mais eu, mas o Esp\u00edrito que habita em mim torna-se tanto o \u201cmeu\u201d querer quanto o \u201cmeu\u201d fazer, coadunando com a vontade do Pai.<\/p>\n<p>Portanto, vamos dar voz ao Esp\u00edrito Santo, n\u00e3o anulando em nossos cora\u00e7\u00f5es a bondade, ao contr\u00e1rio, nos entreguemos sem resist\u00eancia \u00e0 dire\u00e7\u00e3o do Alt\u00edssimo e deixemos Ele realizar em n\u00f3s a Sua obra maravilhosa: \u201cpara que experimenteis qual seja a boa, agrad\u00e1vel, e perfeita vontade de Deus\u201d (Romanos 12: 2b).<\/p>\n","protected":false},"excerpt":{"rendered":"<p>Filipenses 2: 13. Porque Deus \u00e9 o que opera em v\u00f3s tanto o querer como o efetuar, segundo a sua boa vontade. &#8211; B\u00edblia ACF Veja que profundo \u00e9 esse vers\u00edculo. Ele nos fala sobre uma espec\u00edfica fase na caminhada da f\u00e9: a santifica\u00e7\u00e3o. Segundo as Escrituras, existe um caminho de regenera\u00e7\u00e3o do ser humano. [&hellip;]<\/p>\n","protected":false},"author":96,"featured_media":0,"comment_status":"closed","ping_status":"closed","sticky":false,"template":"","format":"standard","meta":{"footnotes":""},"categories":[1244],"tags":[],"class_list":["post-200174","post","type-post","status-publish","format-standard","hentry","category-oleg-abramov"],"_links":{"self":[{"href":"https:\/\/diarioregionaldigital.com.br\/index.php?rest_route=\/wp\/v2\/posts\/200174","targetHints":{"allow":["GET"]}}],"collection":[{"href":"https:\/\/diarioregionaldigital.com.br\/index.php?rest_route=\/wp\/v2\/posts"}],"about":[{"href":"https:\/\/diarioregionaldigital.com.br\/index.php?rest_route=\/wp\/v2\/types\/post"}],"author":[{"embeddable":true,"href":"https:\/\/diarioregionaldigital.com.br\/index.php?rest_route=\/wp\/v2\/users\/96"}],"replies":[{"embeddable":true,"href":"https:\/\/diarioregionaldigital.com.br\/index.php?rest_route=%2Fwp%2Fv2%2Fcomments&post=200174"}],"version-history":[{"count":1,"href":"https:\/\/diarioregionaldigital.com.br\/index.php?rest_route=\/wp\/v2\/posts\/200174\/revisions"}],"predecessor-version":[{"id":200175,"href":"https:\/\/diarioregionaldigital.com.br\/index.php?rest_route=\/wp\/v2\/posts\/200174\/revisions\/200175"}],"wp:attachment":[{"href":"https:\/\/diarioregionaldigital.com.br\/index.php?rest_route=%2Fwp%2Fv2%2Fmedia&parent=200174"}],"wp:term":[{"taxonomy":"category","embeddable":true,"href":"https:\/\/diarioregionaldigital.com.br\/index.php?rest_route=%2Fwp%2Fv2%2Fcategories&post=200174"},{"taxonomy":"post_tag","embeddable":true,"href":"https:\/\/diarioregionaldigital.com.br\/index.php?rest_route=%2Fwp%2Fv2%2Ftags&post=200174"}],"curies":[{"name":"wp","href":"https:\/\/api.w.org\/{rel}","templated":true}]}}