{"id":200172,"date":"2022-06-10T01:38:17","date_gmt":"2022-06-10T04:38:17","guid":{"rendered":"https:\/\/diarioregionaldigital.com.br\/?p=200172"},"modified":"2022-06-10T01:38:17","modified_gmt":"2022-06-10T04:38:17","slug":"prefeitura-municipal-de-descoberto-extrato-10-06-2022","status":"publish","type":"post","link":"https:\/\/diarioregionaldigital.com.br\/?p=200172","title":{"rendered":"Prefeitura Municipal de Descoberto &#8211; Extrato &#8211; 10\/06\/2022"},"content":{"rendered":"<p style=\"text-align: center;\"><strong>EXTRATO DE CONTRATO<\/strong><\/p>\n<p style=\"text-align: center;\">Pref. Municipal de Descoberto x River Com\u00e9rcio de Motos Ltda \u2013 Aquisi\u00e7\u00e3o de ve\u00edculo motocicleta 0 km \u2013 Fundamento: Preg\u00e3o n\u00ba 013\/2022 &#8211;\u00a0 Valor Global: 15.500,00 &#8211; \u00a0Vig\u00eancia: 2 meses &#8211;\u00a0 Dot or\u00e7: 02.02006.15.122.0002.201-449052 \/100 &#8211; \u00a0Ass: 10\/06\/2022 &#8211; Foro: S\u00e3o Jo\u00e3o Nepomuceno\/MG.<\/p>\n<p style=\"text-align: center;\"><strong>Marcos de Ara\u00fajo Lima<\/strong><\/p>\n<p style=\"text-align: center;\"><strong>Prefeito Municipal<\/strong><\/p>\n","protected":false},"excerpt":{"rendered":"<p>EXTRATO DE CONTRATO Pref. Municipal de Descoberto x River Com\u00e9rcio de Motos Ltda \u2013 Aquisi\u00e7\u00e3o de ve\u00edculo motocicleta 0 km \u2013 Fundamento: Preg\u00e3o n\u00ba 013\/2022 &#8211;\u00a0 Valor Global: 15.500,00 &#8211; \u00a0Vig\u00eancia: 2 meses &#8211;\u00a0 Dot or\u00e7: 02.02006.15.122.0002.201-449052 \/100 &#8211; \u00a0Ass: 10\/06\/2022 &#8211; Foro: S\u00e3o Jo\u00e3o Nepomuceno\/MG. Marcos de Ara\u00fajo Lima Prefeito Municipal<\/p>\n","protected":false},"author":96,"featured_media":0,"comment_status":"closed","ping_status":"closed","sticky":false,"template":"","format":"standard","meta":{"footnotes":""},"categories":[307],"tags":[],"class_list":["post-200172","post","type-post","status-publish","format-standard","hentry","category-editais"],"_links":{"self":[{"href":"https:\/\/diarioregionaldigital.com.br\/index.php?rest_route=\/wp\/v2\/posts\/200172","targetHints":{"allow":["GET"]}}],"collection":[{"href":"https:\/\/diarioregionaldigital.com.br\/index.php?rest_route=\/wp\/v2\/posts"}],"about":[{"href":"https:\/\/diarioregionaldigital.com.br\/index.php?rest_route=\/wp\/v2\/types\/post"}],"author":[{"embeddable":true,"href":"https:\/\/diarioregionaldigital.com.br\/index.php?rest_route=\/wp\/v2\/users\/96"}],"replies":[{"embeddable":true,"href":"https:\/\/diarioregionaldigital.com.br\/index.php?rest_route=%2Fwp%2Fv2%2Fcomments&post=200172"}],"version-history":[{"count":1,"href":"https:\/\/diarioregionaldigital.com.br\/index.php?rest_route=\/wp\/v2\/posts\/200172\/revisions"}],"predecessor-version":[{"id":200173,"href":"https:\/\/diarioregionaldigital.com.br\/index.php?rest_route=\/wp\/v2\/posts\/200172\/revisions\/200173"}],"wp:attachment":[{"href":"https:\/\/diarioregionaldigital.com.br\/index.php?rest_route=%2Fwp%2Fv2%2Fmedia&parent=200172"}],"wp:term":[{"taxonomy":"category","embeddable":true,"href":"https:\/\/diarioregionaldigital.com.br\/index.php?rest_route=%2Fwp%2Fv2%2Fcategories&post=200172"},{"taxonomy":"post_tag","embeddable":true,"href":"https:\/\/diarioregionaldigital.com.br\/index.php?rest_route=%2Fwp%2Fv2%2Ftags&post=200172"}],"curies":[{"name":"wp","href":"https:\/\/api.w.org\/{rel}","templated":true}]}}