{"id":200125,"date":"2022-06-09T19:27:33","date_gmt":"2022-06-09T22:27:33","guid":{"rendered":"https:\/\/diarioregionaldigital.com.br\/?p=200125"},"modified":"2022-06-09T19:27:33","modified_gmt":"2022-06-09T22:27:33","slug":"projetos-da-saude-promovem-a-vacinacao-em-minas-gerais","status":"publish","type":"post","link":"https:\/\/diarioregionaldigital.com.br\/?p=200125","title":{"rendered":"Projetos da Sa\u00fade promovem a vacina\u00e7\u00e3o em Minas Gerais"},"content":{"rendered":"<p>Nesta quinta-feira (9\/6), \u00e9 celebrado o Dia Nacional da Imuniza\u00e7\u00e3o. A data deve ser comemorada diante da import\u00e2ncia da vacina\u00e7\u00e3o no combate a doen\u00e7as imunopreven\u00edveis. Vacinas salvam vidas.\u00a0Em Minas Gerais, s\u00e3o diversas as a\u00e7\u00f5es desenvolvidas pela\u00a0<a href=\"https:\/\/www.saude.mg.gov.br\/\" target=\"_blank\" rel=\"noopener noreferrer\" data-auth=\"NotApplicable\" data-linkindex=\"0\">Secretaria de Estado de Sa\u00fade (SES-MG)<\/a>\u00a0voltadas para o aumento da cobertura vacinal por meio do incentivo e monitoramento da imuniza\u00e7\u00e3o da popula\u00e7\u00e3o.<\/p>\n<p>Destaca-se, nesse sentido, o projeto \u201cEstrat\u00e9gias para o Aumento das Coberturas Vacinais em Crian\u00e7as Menores de 2 Anos no Estado de Minas Gerais\u201d, realizado pela Superintend\u00eancia de Vigil\u00e2ncia Epidemiol\u00f3gica da SES-MG, em parceria com o N\u00facleo de Pesquisas e Estudos em Vacina\u00e7\u00e3o (NUPESV\/UFMG) da Universidade Federal de Minas Gerais.<\/p>\n<p>A partir de uma pesquisa realizada em janeiro de 2022, segundo a qual as Unidades Regionais de Sa\u00fade (URS) apresentavam tend\u00eancia decrescente de cobertura vacinal desde 2015, a SES-MG elaborou estrat\u00e9gias para monitorar e melhorar os indicadores de imuniza\u00e7\u00e3o. O planejamento de a\u00e7\u00f5es para fomentar a vacina\u00e7\u00e3o foi desenvolvido e, desde mar\u00e7o, equipes da SES-MG j\u00e1 realizaram oito oficinas de trabalho em cidades-sedes das regionais de sa\u00fade identificadas como priorit\u00e1rias. Cerca de 500 trabalhadores de sa\u00fade dos munic\u00edpios foram envolvidos no processo.<\/p>\n<p>Nas oficinas, os gestores municipais iniciaram a constru\u00e7\u00e3o dos planos de a\u00e7\u00e3o locais baseados em indicadores pr\u00e9-estabelecidos, como: capacita\u00e7\u00e3o dos profissionais de vacina\u00e7\u00e3o, supervis\u00e3o nas salas de imuniza\u00e7\u00e3o, estrat\u00e9gias de vacina\u00e7\u00e3o extramuro, atualiza\u00e7\u00e3o do cart\u00e3o de vacina dos faltosos, visita domiciliar para busca ativa e reuni\u00f5es mensais com a equipe de imuniza\u00e7\u00e3o e aten\u00e7\u00e3o prim\u00e1ria \u00e0 sa\u00fade.<\/p>\n<p>Segundo a superintendente de Vigil\u00e2ncia Epidemiol\u00f3gica da SES-MG, Eliane Nobre, o programa busca sensibilizar a popula\u00e7\u00e3o sobre a import\u00e2ncia da imuniza\u00e7\u00e3o. Para a superintendente, diversas causas levam \u00e0 queda do n\u00famero de crian\u00e7as e adolescentes imunizados, entre elas a necessidade de conscientiza\u00e7\u00e3o dos pais, al\u00e9m de motivos socioecon\u00f4micos.<\/p>\n<p>\u201cEntendemos que a elabora\u00e7\u00e3o de um plano de a\u00e7\u00e3o direcionado aos diferentes atores nos munic\u00edpios (trabalhadores de sa\u00fade e gestores) pode contribuir para melhorar os indicadores de cobertura vacinal das crian\u00e7as menores de dois anos, especialmente por aumentar a sensibilidade das equipes das salas de vacina e, consequentemente, ampliar o acesso aos servi\u00e7os de sa\u00fade\u201d, explica Eliane.<\/p>\n<p>A estrat\u00e9gia da SES-MG de capacita\u00e7\u00e3o de profissionais conta tamb\u00e9m com o apoio do Conselho de Secretarias Municipais de Sa\u00fade Minas Gerais (Cosems-MG). \u201cN\u00f3s procuramos, durante a pandemia, capacitar os gestores, o que propiciou ao Estado destaque na cobertura vacinal da covid-19. Agora, no p\u00f3s-pandemia, temos que levar mais orienta\u00e7\u00e3o aos profissionais e o entendimento at\u00e9 os usu\u00e1rios de que a vacina salva. A parceria entre SES e Cosems foi um sucesso e com certeza vamos continuar, para que os indicadores de vacina subam novamente. Somente a cobertura vacinal alta propicia a diminui\u00e7\u00e3o das interna\u00e7\u00f5es e, consequentemente, dos \u00f3bitos\u201d, ressalta o secret\u00e1rio Municipal de Sa\u00fade de Nanuque e vice-presidente estadual do Cosems-MG, Ricardo Viana.<\/p>\n<p>Outra parceria da SES-MG \u00e9 com a\u00a0<a href=\"http:\/\/www.esp.mg.gov.br\/\" target=\"_blank\" rel=\"noopener noreferrer\" data-auth=\"NotApplicable\" data-linkindex=\"1\">Escola de Sa\u00fade P\u00fablica (ESP-MG)<\/a>\u00a0para o desenvolvimento de a\u00e7\u00f5es de educa\u00e7\u00e3o permanente para aqueles que atuam diretamente na vacina\u00e7\u00e3o em todo o estado. A partir de agosto haver\u00e1 cursos de qualifica\u00e7\u00e3o para os trabalhadores das salas de vacina. A previs\u00e3o \u00e9 de que aproximadamente 2 mil profissionais sejam selecionados para a capacita\u00e7\u00e3o. A sele\u00e7\u00e3o dos participantes se dar\u00e1 por meio de crit\u00e9rios espec\u00edficos e da indica\u00e7\u00e3o dos gestores. A metodologia proposta visa orientar os profissionais a detectar\u00a0os problemas reais e buscar solu\u00e7\u00f5es originais e criativas para solucion\u00e1-los.<\/p>\n<p><b>Gamov<\/b><\/p>\n<p>Criado pela SES-MG em julho de 2021 para desenvolver estrat\u00e9gias de vacina\u00e7\u00e3o contra a covid-19, o Grupo de An\u00e1lise e Monitoramento da Vacina\u00e7\u00e3o (Gamov) tem como foco a an\u00e1lise cr\u00edtica do cen\u00e1rio de sa\u00fade, a simplifica\u00e7\u00e3o dos processos e a prioriza\u00e7\u00e3o dos munic\u00edpios mais cr\u00edticos em rela\u00e7\u00e3o \u00e0 imuniza\u00e7\u00e3o. O Grupo tamb\u00e9m \u00e9 ligado \u00e0 Superintend\u00eancia de Vigil\u00e2ncia Epidemiol\u00f3gica e promove a discuss\u00e3o integrada entre todos os setores. As orienta\u00e7\u00f5es s\u00e3o padronizadas e o apoio aos munic\u00edpios do estado \u00e9 mais efetivo.<\/p>\n<p>Com a amplia\u00e7\u00e3o da vacina\u00e7\u00e3o contra a\u00a0 covid e a redu\u00e7\u00e3o do n\u00famero de \u00f3bitos pela doen\u00e7a este ano, o Gamov passou a aplicar a experi\u00eancia adquirida para refor\u00e7ar a administra\u00e7\u00e3o dos demais imunizantes do calend\u00e1rio anual infantil. O grupo est\u00e1 diretamente ligado ao projeto \u201cEstrat\u00e9gias para o Aumento das Coberturas Vacinais em Crian\u00e7as Menores de 2 Anos no Estado de Minas Gerais\u201d, sendo respons\u00e1vel pelo monitoramento dos planos de a\u00e7\u00e3o municipais e dos indicadores da iniciativa. O primeiro monitoramento est\u00e1 agendado para agosto de 2022.<\/p>\n<p><b>Proagri Sa\u00fade<\/b><\/p>\n<p>A SES-MG tamb\u00e9m desenvolveu o Projeto de Integra\u00e7\u00e3o das A\u00e7\u00f5es de Vigil\u00e2ncia em Sa\u00fade para a Agricultura Familiar (Proagri Sa\u00fade). Neste programa, as Superintend\u00eancias de Vigil\u00e2ncia Sanit\u00e1ria e de Vigil\u00e2ncia Epidemiol\u00f3gica, as Unidades Regionais de Sa\u00fade de Diamantina, Janu\u00e1ria, Montes Claros, Pedra Azul, Pirapora e Te\u00f3filo Otoni e as vigil\u00e2ncias em sa\u00fade de cada munic\u00edpio circunscrito nas seis regionais est\u00e3o organizando a\u00e7\u00f5es para otimizar a detec\u00e7\u00e3o e preven\u00e7\u00e3o de doen\u00e7as. O projeto estende as a\u00e7\u00f5es de vigil\u00e2ncia em sa\u00fade para a\u00a0agricultura familiar. Al\u00e9m do monitoramento da vacina\u00e7\u00e3o, os cuidados com este p\u00fablico envolvem a vigil\u00e2ncia sanit\u00e1ria, a sa\u00fade do trabalhador e a investiga\u00e7\u00e3o epidemiol\u00f3gica, entre outros.<\/p>\n<p>Outra a\u00e7\u00e3o da SES-MG durante a pandemia foi a cria\u00e7\u00e3o do painel Vacin\u00f4metro, que realiza o monitoramento da imuniza\u00e7\u00e3o da popula\u00e7\u00e3o mineira contra a covid-19. Por meio do painel \u00e9 poss\u00edvel verificar a quantidade de doses recebidas pelo Minist\u00e9rio da Sa\u00fade, o n\u00famero de vacinas enviadas aos munic\u00edpios e o total de doses aplicadas. O painel fornece ainda informa\u00e7\u00f5es da cobertura vacinal por idade, ra\u00e7a, sexo, macrorregi\u00e3o e munic\u00edpio.<\/p>\n<p>Tamb\u00e9m vale ressaltar as iniciativas da SES-MG para promover o Calend\u00e1rio Nacional de Vacina\u00e7\u00f5es, institu\u00eddo pelo Programa Nacional de Imuniza\u00e7\u00f5es, do Minist\u00e9rio da Sa\u00fade. Atualmente, est\u00e3o em curso, at\u00e9 o dia 24\/6, as campanhas nacionais de vacina\u00e7\u00e3o contra a influenza e o sarampo. As vacinas s\u00e3o gratuitas e est\u00e3o dispon\u00edveis nas Unidades B\u00e1sicas de Sa\u00fade em todo o Estado.<\/p>\n<p>Por fim, a SES-MG destaca a import\u00e2ncia de manter o cart\u00e3o de vacina atualizado, tanto para crian\u00e7as quanto para adultos, uma vez que a imuniza\u00e7\u00e3o \u00e9 a maneira mais eficaz de prevenir doen\u00e7as.<\/p>\n<p><span style=\"font-weight: 400;\">Fonte: Ag\u00eancia Minas <\/span><\/p>\n","protected":false},"excerpt":{"rendered":"<p>Nesta quinta-feira (9\/6), \u00e9 celebrado o Dia Nacional da Imuniza\u00e7\u00e3o. A data deve ser comemorada diante da import\u00e2ncia da vacina\u00e7\u00e3o no combate a doen\u00e7as imunopreven\u00edveis. Vacinas salvam vidas.\u00a0Em Minas Gerais, s\u00e3o diversas as a\u00e7\u00f5es desenvolvidas pela\u00a0Secretaria de Estado de Sa\u00fade (SES-MG)\u00a0voltadas para o aumento da cobertura vacinal por meio do incentivo e monitoramento da imuniza\u00e7\u00e3o [&hellip;]<\/p>\n","protected":false},"author":246,"featured_media":200126,"comment_status":"closed","ping_status":"closed","sticky":false,"template":"","format":"standard","meta":{"footnotes":""},"categories":[436,254,439],"tags":[],"class_list":["post-200125","post","type-post","status-publish","format-standard","has-post-thumbnail","hentry","category-destaque-da-semana","category-politica","category-ultima-hora"],"_links":{"self":[{"href":"https:\/\/diarioregionaldigital.com.br\/index.php?rest_route=\/wp\/v2\/posts\/200125","targetHints":{"allow":["GET"]}}],"collection":[{"href":"https:\/\/diarioregionaldigital.com.br\/index.php?rest_route=\/wp\/v2\/posts"}],"about":[{"href":"https:\/\/diarioregionaldigital.com.br\/index.php?rest_route=\/wp\/v2\/types\/post"}],"author":[{"embeddable":true,"href":"https:\/\/diarioregionaldigital.com.br\/index.php?rest_route=\/wp\/v2\/users\/246"}],"replies":[{"embeddable":true,"href":"https:\/\/diarioregionaldigital.com.br\/index.php?rest_route=%2Fwp%2Fv2%2Fcomments&post=200125"}],"version-history":[{"count":1,"href":"https:\/\/diarioregionaldigital.com.br\/index.php?rest_route=\/wp\/v2\/posts\/200125\/revisions"}],"predecessor-version":[{"id":200127,"href":"https:\/\/diarioregionaldigital.com.br\/index.php?rest_route=\/wp\/v2\/posts\/200125\/revisions\/200127"}],"wp:featuredmedia":[{"embeddable":true,"href":"https:\/\/diarioregionaldigital.com.br\/index.php?rest_route=\/wp\/v2\/media\/200126"}],"wp:attachment":[{"href":"https:\/\/diarioregionaldigital.com.br\/index.php?rest_route=%2Fwp%2Fv2%2Fmedia&parent=200125"}],"wp:term":[{"taxonomy":"category","embeddable":true,"href":"https:\/\/diarioregionaldigital.com.br\/index.php?rest_route=%2Fwp%2Fv2%2Fcategories&post=200125"},{"taxonomy":"post_tag","embeddable":true,"href":"https:\/\/diarioregionaldigital.com.br\/index.php?rest_route=%2Fwp%2Fv2%2Ftags&post=200125"}],"curies":[{"name":"wp","href":"https:\/\/api.w.org\/{rel}","templated":true}]}}