{"id":200108,"date":"2022-06-09T18:32:42","date_gmt":"2022-06-09T21:32:42","guid":{"rendered":"https:\/\/diarioregionaldigital.com.br\/?p=200108"},"modified":"2022-06-09T18:32:42","modified_gmt":"2022-06-09T21:32:42","slug":"presidente-pede-que-supermercados-reduzam-lucros-sobre-alimentos","status":"publish","type":"post","link":"https:\/\/diarioregionaldigital.com.br\/?p=200108","title":{"rendered":"Presidente pede que supermercados reduzam lucros sobre alimentos"},"content":{"rendered":"<p>O presidente Jair Bolsonaro fez um apelo hoje (9) para que os supermercados reduzam a margem de lucro sobre os alimentos b\u00e1sicos para conter a infla\u00e7\u00e3o. O pedido\u00a0foi feito\u00a0no F\u00f3rum da Cadeia Nacional de Abastecimento, organizado pela Associa\u00e7\u00e3o Brasileira de Supermercados (Abras), evento em que o presidente participou por videoconfer\u00eancia, diretamente de Los Angeles (EUA), onde ele participa da 9\u00aa C\u00fapula das Am\u00e9ricas\u00a0hoje\u00a0(9) e amanh\u00e3 (10).<img decoding=\"async\" src=\"https:\/\/agenciabrasil.ebc.com.br\/ebc.png?id=1464889&amp;o=node\" \/><img decoding=\"async\" src=\"https:\/\/agenciabrasil.ebc.com.br\/ebc.gif?id=1464889&amp;o=node\" \/><\/p>\n<p>&#8220;O apelo que eu fa\u00e7o aos senhores, para toda a cadeia produtiva, para que os produtos da cesta b\u00e1sica, cada um obtenha o menor lucro poss\u00edvel, pra\u00a0gente poder dar uma satisfa\u00e7\u00e3o a\u00a0uma parte consider\u00e1vel da popula\u00e7\u00e3o, especialmente os mais humildes&#8221;, afirmou. &#8220;Eu sei que a margem de lucro tem cada vez diminu\u00eddo mais tamb\u00e9m, mas pe\u00e7o que colaborem um pouco mais&#8221;, continuou. Durante sua fala, o presidente ressaltou que a infla\u00e7\u00e3o \u00e9 um problema atual no mundo inteiro, por causa dos efeitos da pandemia e da guerra na Ucr\u00e2nia.<\/p>\n<p>O ministro da Economia, Paulo Guedes, participou da sess\u00e3o com Bolsonaro, tamb\u00e9m por videoconfer\u00eancia. Ele citou esfor\u00e7os do governo federal para reduzir impostos e tamb\u00e9m refor\u00e7ou o pedido para que os supermercados congelem os pre\u00e7os pelos pr\u00f3ximos meses. O Brasil vive um per\u00edodo de infla\u00e7\u00e3o alta e\u00a0ter\u00e1 elei\u00e7\u00f5es gerais em outubro.<\/p>\n<p>&#8220;A conversa \u00e9 o seguinte: ICMS, IPI, n\u00f3s reduzimos esses impostos, ent\u00e3o, ao longo da cadeia, tr\u00e9gua. \u00c9 aquilo que voc\u00ea, Jo\u00e3o Galassi [presidente da Abras], disse muito bem, o seguinte: &#8216;nova tabela de pre\u00e7o, s\u00f3 em 2023&#8217;. Trava os pre\u00e7os! Vamos parar de aumentar os pre\u00e7os a\u00ed [por] dois ou tr\u00eas meses, estamos em uma hora decisiva para o Brasil&#8221;, afirmou.<\/p>\n<p><span style=\"font-weight: 400;\">Fonte: Ag\u00eancia Brasil <\/span><\/p>\n","protected":false},"excerpt":{"rendered":"<p>O presidente Jair Bolsonaro fez um apelo hoje (9) para que os supermercados reduzam a margem de lucro sobre os alimentos b\u00e1sicos para conter a infla\u00e7\u00e3o. O pedido\u00a0foi feito\u00a0no F\u00f3rum da Cadeia Nacional de Abastecimento, organizado pela Associa\u00e7\u00e3o Brasileira de Supermercados (Abras), evento em que o presidente participou por videoconfer\u00eancia, diretamente de Los Angeles (EUA), [&hellip;]<\/p>\n","protected":false},"author":246,"featured_media":200109,"comment_status":"closed","ping_status":"closed","sticky":false,"template":"","format":"standard","meta":{"footnotes":""},"categories":[436,440,261,439],"tags":[],"class_list":["post-200108","post","type-post","status-publish","format-standard","has-post-thumbnail","hentry","category-destaque-da-semana","category-destaques-do-dia","category-economia","category-ultima-hora"],"_links":{"self":[{"href":"https:\/\/diarioregionaldigital.com.br\/index.php?rest_route=\/wp\/v2\/posts\/200108","targetHints":{"allow":["GET"]}}],"collection":[{"href":"https:\/\/diarioregionaldigital.com.br\/index.php?rest_route=\/wp\/v2\/posts"}],"about":[{"href":"https:\/\/diarioregionaldigital.com.br\/index.php?rest_route=\/wp\/v2\/types\/post"}],"author":[{"embeddable":true,"href":"https:\/\/diarioregionaldigital.com.br\/index.php?rest_route=\/wp\/v2\/users\/246"}],"replies":[{"embeddable":true,"href":"https:\/\/diarioregionaldigital.com.br\/index.php?rest_route=%2Fwp%2Fv2%2Fcomments&post=200108"}],"version-history":[{"count":2,"href":"https:\/\/diarioregionaldigital.com.br\/index.php?rest_route=\/wp\/v2\/posts\/200108\/revisions"}],"predecessor-version":[{"id":200111,"href":"https:\/\/diarioregionaldigital.com.br\/index.php?rest_route=\/wp\/v2\/posts\/200108\/revisions\/200111"}],"wp:featuredmedia":[{"embeddable":true,"href":"https:\/\/diarioregionaldigital.com.br\/index.php?rest_route=\/wp\/v2\/media\/200109"}],"wp:attachment":[{"href":"https:\/\/diarioregionaldigital.com.br\/index.php?rest_route=%2Fwp%2Fv2%2Fmedia&parent=200108"}],"wp:term":[{"taxonomy":"category","embeddable":true,"href":"https:\/\/diarioregionaldigital.com.br\/index.php?rest_route=%2Fwp%2Fv2%2Fcategories&post=200108"},{"taxonomy":"post_tag","embeddable":true,"href":"https:\/\/diarioregionaldigital.com.br\/index.php?rest_route=%2Fwp%2Fv2%2Ftags&post=200108"}],"curies":[{"name":"wp","href":"https:\/\/api.w.org\/{rel}","templated":true}]}}