{"id":200076,"date":"2022-06-08T17:48:03","date_gmt":"2022-06-08T20:48:03","guid":{"rendered":"https:\/\/diarioregionaldigital.com.br\/?p=200076"},"modified":"2022-06-08T17:48:03","modified_gmt":"2022-06-08T20:48:03","slug":"gremio-encerra-jejum-de-vitorias-e-se-aproxima-do-g4-da-serie-b","status":"publish","type":"post","link":"https:\/\/diarioregionaldigital.com.br\/?p=200076","title":{"rendered":"Gr\u00eamio encerra jejum de vit\u00f3rias e se aproxima do G4 da S\u00e9rie B"},"content":{"rendered":"<p>O Gr\u00eamio encerrou um inc\u00f4modo jejum pela S\u00e9rie B do Campeonato Brasileiro. Ap\u00f3s uma sequ\u00eancia de cinco partidas consecutivas sem triunfos (quatro empates e uma derrota) o Tricolor bateu o Novorizontino por 2 a 0 na noite desta ter\u00e7a-feira em Porto Alegre.<img decoding=\"async\" src=\"https:\/\/agenciabrasil.ebc.com.br\/ebc.png?id=1464421&amp;o=node\" \/><img decoding=\"async\" src=\"https:\/\/agenciabrasil.ebc.com.br\/ebc.gif?id=1464421&amp;o=node\" \/><\/p>\n<p>Com este resultado a equipe comandada pelo t\u00e9cnico Roger Machado chega \u00e0 5\u00aa posi\u00e7\u00e3o com 17 pontos. J\u00e1 o Aurinegro permanece com 14 pontos, agora na 7\u00aa posi\u00e7\u00e3o.<\/p>\n<p>A vit\u00f3ria do Gr\u00eamio foi obtida gra\u00e7as a gols de Diego Souza, em cobran\u00e7a de p\u00eanalti momentos antes do intervalo, e de Janderson aos 12 minutos da etapa final ap\u00f3s receber passe de letra de Gabriel Teixeira.<\/p>\n<p>O pr\u00f3ximo compromisso da equipe de Porto Alegre \u00e9 contra o Sport, na segunda-feira (13) na Ilha do Retiro. Um dia antes o Novorizontino enfrenta o Guarani.<\/p>\n<h2>Outros resultados:<\/h2>\n<p>Crici\u00fama 3 x 1 Sampaio Corr\u00eaa<\/p>\n<p>Ituano 1 x 2 Ponte Preta<\/p>\n<p>CSA 1 x 1 Chapecoense<\/p>\n<p><span style=\"font-weight: 400;\">Fonte: Ag\u00eancia Brasil <\/span><\/p>\n","protected":false},"excerpt":{"rendered":"<p>O Gr\u00eamio encerrou um inc\u00f4modo jejum pela S\u00e9rie B do Campeonato Brasileiro. Ap\u00f3s uma sequ\u00eancia de cinco partidas consecutivas sem triunfos (quatro empates e uma derrota) o Tricolor bateu o Novorizontino por 2 a 0 na noite desta ter\u00e7a-feira em Porto Alegre. Com este resultado a equipe comandada pelo t\u00e9cnico Roger Machado chega \u00e0 5\u00aa [&hellip;]<\/p>\n","protected":false},"author":246,"featured_media":200078,"comment_status":"closed","ping_status":"closed","sticky":false,"template":"","format":"standard","meta":{"footnotes":""},"categories":[436,257,439],"tags":[],"class_list":["post-200076","post","type-post","status-publish","format-standard","has-post-thumbnail","hentry","category-destaque-da-semana","category-esporte","category-ultima-hora"],"_links":{"self":[{"href":"https:\/\/diarioregionaldigital.com.br\/index.php?rest_route=\/wp\/v2\/posts\/200076","targetHints":{"allow":["GET"]}}],"collection":[{"href":"https:\/\/diarioregionaldigital.com.br\/index.php?rest_route=\/wp\/v2\/posts"}],"about":[{"href":"https:\/\/diarioregionaldigital.com.br\/index.php?rest_route=\/wp\/v2\/types\/post"}],"author":[{"embeddable":true,"href":"https:\/\/diarioregionaldigital.com.br\/index.php?rest_route=\/wp\/v2\/users\/246"}],"replies":[{"embeddable":true,"href":"https:\/\/diarioregionaldigital.com.br\/index.php?rest_route=%2Fwp%2Fv2%2Fcomments&post=200076"}],"version-history":[{"count":2,"href":"https:\/\/diarioregionaldigital.com.br\/index.php?rest_route=\/wp\/v2\/posts\/200076\/revisions"}],"predecessor-version":[{"id":200080,"href":"https:\/\/diarioregionaldigital.com.br\/index.php?rest_route=\/wp\/v2\/posts\/200076\/revisions\/200080"}],"wp:featuredmedia":[{"embeddable":true,"href":"https:\/\/diarioregionaldigital.com.br\/index.php?rest_route=\/wp\/v2\/media\/200078"}],"wp:attachment":[{"href":"https:\/\/diarioregionaldigital.com.br\/index.php?rest_route=%2Fwp%2Fv2%2Fmedia&parent=200076"}],"wp:term":[{"taxonomy":"category","embeddable":true,"href":"https:\/\/diarioregionaldigital.com.br\/index.php?rest_route=%2Fwp%2Fv2%2Fcategories&post=200076"},{"taxonomy":"post_tag","embeddable":true,"href":"https:\/\/diarioregionaldigital.com.br\/index.php?rest_route=%2Fwp%2Fv2%2Ftags&post=200076"}],"curies":[{"name":"wp","href":"https:\/\/api.w.org\/{rel}","templated":true}]}}