{"id":200073,"date":"2022-06-08T17:46:18","date_gmt":"2022-06-08T20:46:18","guid":{"rendered":"https:\/\/diarioregionaldigital.com.br\/?p=200073"},"modified":"2022-06-08T17:46:18","modified_gmt":"2022-06-08T20:46:18","slug":"em-noite-de-golacos-vasco-derrota-o-nautico-no-arruda","status":"publish","type":"post","link":"https:\/\/diarioregionaldigital.com.br\/?p=200073","title":{"rendered":"Em noite de gola\u00e7os, Vasco derrota o N\u00e1utico no Arruda"},"content":{"rendered":"<p>Em noite de gola\u00e7os, o Vasco derrotou o N\u00e1utico por 3 a 2, nesta ter\u00e7a-feira (7) no est\u00e1dio do Arruda, pela 11\u00aa rodada da S\u00e9rie B do Campeonato Brasileiro.<img decoding=\"async\" src=\"https:\/\/agenciabrasil.ebc.com.br\/ebc.png?id=1464397&amp;o=node\" \/><img decoding=\"async\" src=\"https:\/\/agenciabrasil.ebc.com.br\/ebc.gif?id=1464397&amp;o=node\" \/><\/p>\n<p>Com este resultado o Cruzmaltino assumiu a vice-lideran\u00e7a da competi\u00e7\u00e3o com 21 pontos. J\u00e1 o Timbu ficou na 14\u00aa posi\u00e7\u00e3o com doze pontos ap\u00f3s o rev\u00e9s.<\/p>\n<p>O triunfo do Vasco da Gama come\u00e7ou a ser constru\u00eddo aos 27 minutos do primeiro tempo, quando o atacante Figueiredo bateu falta da intermedi\u00e1ria para marcar um gola\u00e7o. Aos 42 o Cruzmaltino ampliou, e novamente com um belo gol. Andrey Santos avan\u00e7ou pela esquerda, tabelou com Nen\u00ea e bateu colocado para superar o goleiro Lucas Perri.<\/p>\n<p>Aos 14 minutos da etapa final Figueiredo venceu novamente o goleiro advers\u00e1rio, mas o lance acabou anulado com aux\u00edlio do VAR (\u00e1rbitro de v\u00eddeo) por causa de posi\u00e7\u00e3o irregular do atacante.<\/p>\n<p>Nove minutos depois o N\u00e1utico conseguiu finalmente marcar o seu, com o lateral Th\u00e1ssio. Mas o Vasco n\u00e3o desanimou e chegou ao terceiro aos 31 minutos com uma chapada cheia de categoria do veterano Nen\u00ea. Assim, quando Jean Carlos marcou o segundo do Timbu em cobran\u00e7a de p\u00eanalti nos acr\u00e9scimos do segundo tempo, a vit\u00f3ria cruzmaltina j\u00e1 estava garantida.<\/p>\n<p>Agora o time de S\u00e3o Janu\u00e1rio se prepara para o jogo com o l\u00edder Cruzeiro no pr\u00f3ximo domingo (12) no est\u00e1dio do Maracan\u00e3. Dois dias antes o N\u00e1utico visita o Sampaio Corr\u00eaa no Castel\u00e3o.<\/p>\n<h2>Outros resultados da S\u00e9rie B:<\/h2>\n<p>Guarani 0 x 3 Oper\u00e1rio-PR<\/p>\n<p>Londrina 1 x 1 Tombense<\/p>\n<p>Vila Nova 0 x 2 Brusque<\/p>\n<p><span style=\"font-weight: 400;\"><br \/>\n<\/span><span style=\"font-weight: 400;\">Fonte: Ag\u00eancia Brasil <\/span><\/p>\n","protected":false},"excerpt":{"rendered":"<p>Em noite de gola\u00e7os, o Vasco derrotou o N\u00e1utico por 3 a 2, nesta ter\u00e7a-feira (7) no est\u00e1dio do Arruda, pela 11\u00aa rodada da S\u00e9rie B do Campeonato Brasileiro. Com este resultado o Cruzmaltino assumiu a vice-lideran\u00e7a da competi\u00e7\u00e3o com 21 pontos. J\u00e1 o Timbu ficou na 14\u00aa posi\u00e7\u00e3o com doze pontos ap\u00f3s o rev\u00e9s. [&hellip;]<\/p>\n","protected":false},"author":246,"featured_media":200074,"comment_status":"closed","ping_status":"closed","sticky":false,"template":"","format":"standard","meta":{"footnotes":""},"categories":[436,257,439],"tags":[],"class_list":["post-200073","post","type-post","status-publish","format-standard","has-post-thumbnail","hentry","category-destaque-da-semana","category-esporte","category-ultima-hora"],"_links":{"self":[{"href":"https:\/\/diarioregionaldigital.com.br\/index.php?rest_route=\/wp\/v2\/posts\/200073","targetHints":{"allow":["GET"]}}],"collection":[{"href":"https:\/\/diarioregionaldigital.com.br\/index.php?rest_route=\/wp\/v2\/posts"}],"about":[{"href":"https:\/\/diarioregionaldigital.com.br\/index.php?rest_route=\/wp\/v2\/types\/post"}],"author":[{"embeddable":true,"href":"https:\/\/diarioregionaldigital.com.br\/index.php?rest_route=\/wp\/v2\/users\/246"}],"replies":[{"embeddable":true,"href":"https:\/\/diarioregionaldigital.com.br\/index.php?rest_route=%2Fwp%2Fv2%2Fcomments&post=200073"}],"version-history":[{"count":2,"href":"https:\/\/diarioregionaldigital.com.br\/index.php?rest_route=\/wp\/v2\/posts\/200073\/revisions"}],"predecessor-version":[{"id":200077,"href":"https:\/\/diarioregionaldigital.com.br\/index.php?rest_route=\/wp\/v2\/posts\/200073\/revisions\/200077"}],"wp:featuredmedia":[{"embeddable":true,"href":"https:\/\/diarioregionaldigital.com.br\/index.php?rest_route=\/wp\/v2\/media\/200074"}],"wp:attachment":[{"href":"https:\/\/diarioregionaldigital.com.br\/index.php?rest_route=%2Fwp%2Fv2%2Fmedia&parent=200073"}],"wp:term":[{"taxonomy":"category","embeddable":true,"href":"https:\/\/diarioregionaldigital.com.br\/index.php?rest_route=%2Fwp%2Fv2%2Fcategories&post=200073"},{"taxonomy":"post_tag","embeddable":true,"href":"https:\/\/diarioregionaldigital.com.br\/index.php?rest_route=%2Fwp%2Fv2%2Ftags&post=200073"}],"curies":[{"name":"wp","href":"https:\/\/api.w.org\/{rel}","templated":true}]}}