{"id":200070,"date":"2022-06-08T17:44:36","date_gmt":"2022-06-08T20:44:36","guid":{"rendered":"https:\/\/diarioregionaldigital.com.br\/?p=200070"},"modified":"2022-06-08T17:44:36","modified_gmt":"2022-06-08T20:44:36","slug":"em-busca-do-bi-selecao-masculina-estreia-na-liga-das-nacoes","status":"publish","type":"post","link":"https:\/\/diarioregionaldigital.com.br\/?p=200070","title":{"rendered":"Em busca do bi, sele\u00e7\u00e3o masculina estreia na Liga das Na\u00e7\u00f5es"},"content":{"rendered":"<p>Campe\u00e3 pela primeira vez no ano passado, a sele\u00e7\u00e3o brasileira masculina de v\u00f4lei inicia esta noite a busca pelo\u00a0segundo t\u00edtulo da Liga das Na\u00e7\u00f5es. A equipe comandada pelo t\u00e9cnico Renan Dal Zotto entra em quadra \u00e0s 21h (hor\u00e1rio de Bras\u00edlia) contra a Austr\u00e1lia, no gin\u00e1sio Nilson Nelson, na capital federal, que sediar\u00e1 os outros tr\u00eas jogos da primeira etapa (contra Eslov\u00eania, Estados Unidos e China).<img decoding=\"async\" src=\"https:\/\/agenciabrasil.ebc.com.br\/ebc.png?id=1464530&amp;o=node\" \/><img decoding=\"async\" src=\"https:\/\/agenciabrasil.ebc.com.br\/ebc.gif?id=1464530&amp;o=node\" \/><\/p>\n<p>A competi\u00e7\u00e3o abre o ciclo ol\u00edmpico para os Jogos de Paris, em 2024. Depois de Bras\u00edlia, a competi\u00e7\u00e3o prosseguir\u00e1 em Sofia (Bulg\u00e1ria) e a terceira etapa ser\u00e1 em Osaka (Jap\u00e3o). As quatro equipes primeiras colocadas se classificam \u00e0s semifinais.<\/p>\n<p>O primeiro jogo do Brasil vai requerer aten\u00e7\u00e3o redobrada equipe, na avalia\u00e7\u00e3o do levantador Bruninho, capit\u00e3o do time, que inicia sua 16\u00ba temporada na sele\u00e7\u00e3o.<\/p>\n<blockquote><p>\u201cO time da Austr\u00e1lia sempre incomoda. Joga bem, tem potencial f\u00edsico.\u00a0Pelo que observamos do nosso lado,\u00a0nos amistosos\u00a0contra o Jap\u00e3o,\u00a0precisamos\u00a0abaixar o n\u00famero de erros. Ser\u00e1 um jogo de estreia,\u00a0que sempre tem aquele nervosismo.\u00a0Espero\u00a0uma partida dif\u00edcil\u201d, afirma o jogador, \u00a0em depoimento \u00e0 Confedera\u00e7\u00e3o Brasileira de Voleibol (CBV).<\/p><\/blockquote>\n<p>A experi\u00eancia de Bruninho, prestes completar 36 anos em 2 de julho, d\u00e1 seguran\u00e7a aos atletas estreantes na sele\u00e7\u00e3o, que passa por um processo de renova\u00e7\u00e3o.<\/p>\n<blockquote><p>\u201cFico muito feliz de ajudar n\u00e3o s\u00f3 dentro de quadra, mas tamb\u00e9m com essa parte mais sutil, conversando bastante passando a minha viv\u00eancia, a experi\u00eancia que tenho dentro da sele\u00e7\u00e3o\u201d,\u00a0afirma o capit\u00e3o. \u201cTive a sorte de iniciar com\u00a0jogadores\u00a0de uma gera\u00e7\u00e3o incr\u00edvel, como Giba, Serginho, Murilo, Gustavo. O que os mais jovens est\u00e3o passando hoje, eu passei l\u00e1 em 2006,\u00a0na minha primeira Liga Mundial&#8221;.<\/p><\/blockquote>\n<p>Para o primeiro confronto, Dal Zotto n\u00e3o poder\u00e1 contar com o ponteiro Lucarelli, devido a desconforto muscular na coxa esquerda. O substituto poder\u00e1 ser Victor Birigui, que se juntou \u00e0 sele\u00e7\u00e3o na \u00faltima segunda (6). O grupo escalado tem ainda os levantadores Bruninho e Fernando Cachopa; os opostos Franco e Alan; os centrais Isac, Luc\u00e3o, Fl\u00e1vio e Leandro Aracaju; e os ponteiros Rodriguinho, Vaccari e Adriano;\u00a0e os l\u00edberos Thales e Maique.<\/p>\n<h2>Advers\u00e1rios do Brasil<\/h2>\n<p><strong>Primeira etapa (Bras\u00edlia)<\/strong><\/p>\n<p>Austr\u00e1lia \u2013 08\/06 \u2013 21h<\/p>\n<p>Eslov\u00eania 09\/06 \u2013 21h<\/p>\n<p>Estados Unidos 11\/06 \u2013 15h<\/p>\n<p>China 12\/06 \u2013 10h<\/p>\n<p><strong>Segunda etapa \u2013 Sofia (Bulg\u00e1ria)<\/strong><\/p>\n<p>Pol\u00f4nia \u2013 22\/06 \u2013 11h<\/p>\n<p>S\u00e9rvia \u2013 23\/06 \u2013 10h30<\/p>\n<p>Ir\u00e3 \u2013 24\/06 \u2013 10h30<\/p>\n<p>Bulg\u00e1ria 26\/06 \u2013 14h<\/p>\n<p><strong>Terceira etapa \u2013 Osaka (Jap\u00e3o)<\/strong><\/p>\n<p>Alemanha \u2013 06\/07 \u2013 3h40<\/p>\n<p>Canad\u00e1 07\/07 \u2013 6h<\/p>\n<p>Fran\u00e7a 08\/07 \u2013 3h40<\/p>\n<p>Jap\u00e3o 09\/07 \u2013 7h10<\/p>\n<p><span style=\"font-weight: 400;\">Fonte: Ag\u00eancia Brasil <\/span><\/p>\n","protected":false},"excerpt":{"rendered":"<p>Campe\u00e3 pela primeira vez no ano passado, a sele\u00e7\u00e3o brasileira masculina de v\u00f4lei inicia esta noite a busca pelo\u00a0segundo t\u00edtulo da Liga das Na\u00e7\u00f5es. A equipe comandada pelo t\u00e9cnico Renan Dal Zotto entra em quadra \u00e0s 21h (hor\u00e1rio de Bras\u00edlia) contra a Austr\u00e1lia, no gin\u00e1sio Nilson Nelson, na capital federal, que sediar\u00e1 os outros tr\u00eas [&hellip;]<\/p>\n","protected":false},"author":246,"featured_media":200071,"comment_status":"closed","ping_status":"closed","sticky":false,"template":"","format":"standard","meta":{"footnotes":""},"categories":[436,440,257,439],"tags":[],"class_list":["post-200070","post","type-post","status-publish","format-standard","has-post-thumbnail","hentry","category-destaque-da-semana","category-destaques-do-dia","category-esporte","category-ultima-hora"],"_links":{"self":[{"href":"https:\/\/diarioregionaldigital.com.br\/index.php?rest_route=\/wp\/v2\/posts\/200070","targetHints":{"allow":["GET"]}}],"collection":[{"href":"https:\/\/diarioregionaldigital.com.br\/index.php?rest_route=\/wp\/v2\/posts"}],"about":[{"href":"https:\/\/diarioregionaldigital.com.br\/index.php?rest_route=\/wp\/v2\/types\/post"}],"author":[{"embeddable":true,"href":"https:\/\/diarioregionaldigital.com.br\/index.php?rest_route=\/wp\/v2\/users\/246"}],"replies":[{"embeddable":true,"href":"https:\/\/diarioregionaldigital.com.br\/index.php?rest_route=%2Fwp%2Fv2%2Fcomments&post=200070"}],"version-history":[{"count":1,"href":"https:\/\/diarioregionaldigital.com.br\/index.php?rest_route=\/wp\/v2\/posts\/200070\/revisions"}],"predecessor-version":[{"id":200072,"href":"https:\/\/diarioregionaldigital.com.br\/index.php?rest_route=\/wp\/v2\/posts\/200070\/revisions\/200072"}],"wp:featuredmedia":[{"embeddable":true,"href":"https:\/\/diarioregionaldigital.com.br\/index.php?rest_route=\/wp\/v2\/media\/200071"}],"wp:attachment":[{"href":"https:\/\/diarioregionaldigital.com.br\/index.php?rest_route=%2Fwp%2Fv2%2Fmedia&parent=200070"}],"wp:term":[{"taxonomy":"category","embeddable":true,"href":"https:\/\/diarioregionaldigital.com.br\/index.php?rest_route=%2Fwp%2Fv2%2Fcategories&post=200070"},{"taxonomy":"post_tag","embeddable":true,"href":"https:\/\/diarioregionaldigital.com.br\/index.php?rest_route=%2Fwp%2Fv2%2Ftags&post=200070"}],"curies":[{"name":"wp","href":"https:\/\/api.w.org\/{rel}","templated":true}]}}