{"id":200064,"date":"2022-06-08T17:35:56","date_gmt":"2022-06-08T20:35:56","guid":{"rendered":"https:\/\/diarioregionaldigital.com.br\/?p=200064"},"modified":"2022-06-08T17:35:56","modified_gmt":"2022-06-08T20:35:56","slug":"periodo-seco-exige-atencao-contra-riscos-de-queimadas","status":"publish","type":"post","link":"https:\/\/diarioregionaldigital.com.br\/?p=200064","title":{"rendered":"Per\u00edodo seco exige aten\u00e7\u00e3o contra riscos de queimadas"},"content":{"rendered":"<p>Grande mortalidade de animais, danos \u00e0 sa\u00fade de pessoas e diversos outros preju\u00edzos para o meio ambiente e a popula\u00e7\u00e3o. Problemas como estes s\u00e3o, geralmente, resultado trazido pela pr\u00e1tica das queimadas que, al\u00e9m dos danos j\u00e1 citados, causam um outro transtorno que ningu\u00e9m deseja: grandes interrup\u00e7\u00f5es de energia para os clientes da<a href=\"https:\/\/www.cemig.com.br\/\" target=\"_blank\" rel=\"noopener\">\u00a0<\/a><a href=\"https:\/\/www.cemig.com.br\/\">Cemig<\/a>. Somando os quatro primeiros meses deste ano, cerca de 100 mil pessoas tiveram o fornecimento de energia afetado por queimadas em todo o estado.<\/p>\n<p>Pesquisa realizada pela companhia aponta que cerca de 20 mil clientes (unidades consumidoras) ficaram sem energia entre janeiro e abril de 2022, ap\u00f3s 34 interrup\u00e7\u00f5es causadas por focos de inc\u00eandio serem registradas na \u00e1rea de concess\u00e3o da empresa no quadrimestre. No mesmo per\u00edodo do ano passado, foram cerca de 30 mil clientes sem energia ap\u00f3s inc\u00eandios atingirem a rede el\u00e9trica, sendo registradas 32 interrup\u00e7\u00f5es causadas pelo fogo na \u00e1rea de concess\u00e3o da empresa. Considerando todo o ano de 2021, foram 936 ocorr\u00eancias registradas, totalizando 738.140 clientes afetados por queimadas.<\/p>\n<p>O gerente de Sa\u00fade e Seguran\u00e7a do Trabalho da Cemig, Jo\u00e3o Jos\u00e9 Magalh\u00e3es Soares, explica que grande parte dos focos de inc\u00eandio \u00e9 causada por a\u00e7\u00e3o humana. \u201cPor isso, a companhia procura reduzir os desligamentos provocados por queimadas que atingem o sistema el\u00e9trico, alertando a popula\u00e7\u00e3o a respeito dos riscos e consequ\u00eancias dessa pr\u00e1tica, que \u00e9 mais comum nesta \u00e9poca do ano, caracterizada por baixa umidade e vegeta\u00e7\u00e3o seca\u201d, explica.<\/p>\n<p><strong>Transtornos\u00a0\u00a0\u00a0\u00a0<\/strong><\/p>\n<p>Ainda segundo Jo\u00e3o Jos\u00e9 Magalh\u00e3es Soares, o aquecimento dos cabos e equipamentos da rede el\u00e9trica pode levar ao desligamento de linhas de transmiss\u00e3o, linhas de distribui\u00e7\u00e3o e subesta\u00e7\u00f5es, bem como causar graves acidentes com pessoas que est\u00e3o pr\u00f3ximas a estas \u00e1reas.<\/p>\n<p>\u201cUm dos maiores desafios para as equipes de campo \u00e9 chegar ao local da ocorr\u00eancia para fazer o reparo. Normalmente, s\u00e3o \u00e1reas de dif\u00edcil acesso e muito amplas. Al\u00e9m disso, levar estruturas pesadas, como torres e postes, a regi\u00f5es acidentadas torna ainda mais desafiadora a manuten\u00e7\u00e3o das redes prejudicadas pelas queimadas\u201d, conta o gerente da Cemig.<\/p>\n<p>Jo\u00e3o Jos\u00e9 Magalh\u00e3es Soares destaca ainda que as queimadas podem prejudicar o fornecimento para hospitais e centros de sa\u00fade, t\u00e3o importantes nesta \u00e9poca de doen\u00e7as respirat\u00f3rias e tamb\u00e9m de covid-19, que ainda atinge boa parte da popula\u00e7\u00e3o. &#8220;As queimadas danificam equipamentos e tornam o restabelecimento mais demorado, o que pode trazer problemas para todos. Al\u00e9m disso, o alto \u00edndice de fuma\u00e7a produzido pode trazer s\u00e9rios danos \u00e0 sa\u00fade&#8221;, alerta.<\/p>\n<p><strong>Crime previsto em lei<\/strong><\/p>\n<p>Al\u00e9m do risco de deixar hospitais, com\u00e9rcios e escolas sem energia, realizar queimadas pode ser considerado crime e prev\u00ea restri\u00e7\u00e3o de liberdade. De acordo com o art. 41 da Lei 9.605\/98, provocar inc\u00eandio em mata ou floresta \u00e9 tipificado como crime ambiental, que pode resultar em pena de reclus\u00e3o de dois a quatro anos, al\u00e9m de multa.<\/p>\n<p><strong>Atua\u00e7\u00e3o preventiva\u00a0\u00a0\u00a0<\/strong><\/p>\n<p>Para minimizar as ocorr\u00eancias deste tipo em sua \u00e1rea de concess\u00e3o, a Cemig realiza, constantemente, a\u00e7\u00f5es preventivas, investindo na limpeza de faixas de servid\u00e3o, com poda de \u00e1rvores e arbustos, al\u00e9m da remo\u00e7\u00e3o da vegeta\u00e7\u00e3o ao redor dos postes e torres.<\/p>\n<p>A companhia tamb\u00e9m realiza inspe\u00e7\u00f5es em suas linhas de transmiss\u00e3o, para identificar e mitigar riscos potenciais para tentar evitar as ocorr\u00eancias proporcionadas pelas queimadas.<\/p>\n<p>Algumas medidas simples podem ser tomadas pela popula\u00e7\u00e3o para conter os riscos:<\/p>\n<p>apagar com \u00e1gua o resto do fogo em acampamentos, para evitar que o vento leve as brasas para a mata;<\/p>\n<p>n\u00e3o jogar pontas de cigarros acesas na estrada ou em \u00e1reas rurais e n\u00e3o deixar garrafas pl\u00e1sticas ou de vidro expostas ao sol em \u00e1reas com vegeta\u00e7\u00e3o porque estas podem criar focos de inc\u00eandio.<\/p>\n<p>Tamb\u00e9m existem restri\u00e7\u00f5es para a realiza\u00e7\u00e3o de queimadas quando permitidas por lei e cujo alcance n\u00e3o deve estar a menos de 15 metros de rodovias, ferrovias e do limite das faixas de seguran\u00e7a das linhas de transmiss\u00e3o e distribui\u00e7\u00e3o de energia.<\/p>\n<p>A Cemig lembra, ainda, que \u00e9 proibido o uso de fogo em \u00e1reas de reservas ecol\u00f3gicas, preserva\u00e7\u00e3o permanente e parques florestais.<\/p>\n<p>Em caso de inc\u00eandios, a Cemig (116) e o Corpo de Bombeiros (193) devem ser avisados o mais r\u00e1pido poss\u00edvel. Vale destacar que todos podem denunciar a pr\u00e1tica de queimadas ilegais, de maneira an\u00f4nima, ligando gratuitamente para o telefone 181.<\/p>\n<p><span style=\"font-weight: 400;\">Fonte: Ag\u00eancia Minas <\/span><\/p>\n","protected":false},"excerpt":{"rendered":"<p>Grande mortalidade de animais, danos \u00e0 sa\u00fade de pessoas e diversos outros preju\u00edzos para o meio ambiente e a popula\u00e7\u00e3o. Problemas como estes s\u00e3o, geralmente, resultado trazido pela pr\u00e1tica das queimadas que, al\u00e9m dos danos j\u00e1 citados, causam um outro transtorno que ningu\u00e9m deseja: grandes interrup\u00e7\u00f5es de energia para os clientes da\u00a0Cemig. Somando os quatro [&hellip;]<\/p>\n","protected":false},"author":246,"featured_media":200065,"comment_status":"closed","ping_status":"closed","sticky":false,"template":"","format":"standard","meta":{"footnotes":""},"categories":[436,254,439],"tags":[],"class_list":["post-200064","post","type-post","status-publish","format-standard","has-post-thumbnail","hentry","category-destaque-da-semana","category-politica","category-ultima-hora"],"_links":{"self":[{"href":"https:\/\/diarioregionaldigital.com.br\/index.php?rest_route=\/wp\/v2\/posts\/200064","targetHints":{"allow":["GET"]}}],"collection":[{"href":"https:\/\/diarioregionaldigital.com.br\/index.php?rest_route=\/wp\/v2\/posts"}],"about":[{"href":"https:\/\/diarioregionaldigital.com.br\/index.php?rest_route=\/wp\/v2\/types\/post"}],"author":[{"embeddable":true,"href":"https:\/\/diarioregionaldigital.com.br\/index.php?rest_route=\/wp\/v2\/users\/246"}],"replies":[{"embeddable":true,"href":"https:\/\/diarioregionaldigital.com.br\/index.php?rest_route=%2Fwp%2Fv2%2Fcomments&post=200064"}],"version-history":[{"count":1,"href":"https:\/\/diarioregionaldigital.com.br\/index.php?rest_route=\/wp\/v2\/posts\/200064\/revisions"}],"predecessor-version":[{"id":200066,"href":"https:\/\/diarioregionaldigital.com.br\/index.php?rest_route=\/wp\/v2\/posts\/200064\/revisions\/200066"}],"wp:featuredmedia":[{"embeddable":true,"href":"https:\/\/diarioregionaldigital.com.br\/index.php?rest_route=\/wp\/v2\/media\/200065"}],"wp:attachment":[{"href":"https:\/\/diarioregionaldigital.com.br\/index.php?rest_route=%2Fwp%2Fv2%2Fmedia&parent=200064"}],"wp:term":[{"taxonomy":"category","embeddable":true,"href":"https:\/\/diarioregionaldigital.com.br\/index.php?rest_route=%2Fwp%2Fv2%2Fcategories&post=200064"},{"taxonomy":"post_tag","embeddable":true,"href":"https:\/\/diarioregionaldigital.com.br\/index.php?rest_route=%2Fwp%2Fv2%2Ftags&post=200064"}],"curies":[{"name":"wp","href":"https:\/\/api.w.org\/{rel}","templated":true}]}}