{"id":200061,"date":"2022-06-08T17:30:17","date_gmt":"2022-06-08T20:30:17","guid":{"rendered":"https:\/\/diarioregionaldigital.com.br\/?p=200061"},"modified":"2022-06-08T17:30:17","modified_gmt":"2022-06-08T20:30:17","slug":"estado-inaugura-posto-de-recebimento-de-embalagens-vazias-de-agrotoxicos-em-contagem","status":"publish","type":"post","link":"https:\/\/diarioregionaldigital.com.br\/?p=200061","title":{"rendered":"Estado inaugura posto de recebimento de embalagens vazias de agrot\u00f3xicos em Contagem"},"content":{"rendered":"<p>O\u00a0<a href=\"https:\/\/www.mg.gov.br\/\" target=\"_blank\" rel=\"noopener\">Governo de Minas<\/a>\u00a0inaugurou, nesta quarta-feira (8\/6), mais um posto de recebimento de embalagens vazias de agrot\u00f3xicos, dessa vez na Ceasa Minas, em Contagem, na Regi\u00e3o Metropolitana de Belo Horizonte (RMBH).<\/p>\n<p>Este \u00e9 o 59\u00ba posto no estado, que possui mais sete centrais de recebimento de embalagens vazias de agrot\u00f3xicos distribu\u00eddas em \u00e1reas estrat\u00e9gicas. A a\u00e7\u00e3o preserva o meio ambiente. Sem nenhum custo, o produtor encaminha corretamente as embalagens para que tenham a destina\u00e7\u00e3o correta, evitando o risco de poluir o meio ambiente ou afetar a sa\u00fade de pessoas e animais.<\/p>\n<p>&#8220;\u00c9 o primeiro posto de recebimento de embalagens vazias dentro de uma central de abastecimento no Brasil. Isso facilita que o produtor devolva as suas embalagens, porque ele j\u00e1 vem \u00e0 Ceasa Minas com const\u00e2ncia, \u00e0s segundas, quartas e sextas-feiras. Isso \u00e9 resultado de um esfor\u00e7o conjunto, mostra o poder p\u00fablico em parceria com a iniciativa privada, produzindo, desburocratizando. O que queremos \u00e9 facilitar a vida dos produtores no estado&#8221;, afirmou o secret\u00e1rio de\u00a0<a href=\"http:\/\/www.agricultura.mg.gov.br\/\" target=\"_blank\" rel=\"noopener\">Agricultura, Pecu\u00e1ria e Abastecimento<\/a>, Thales Fernandes, que participou da abertura.<\/p>\n<p>No mesmo sentido, o gerente nacional de opera\u00e7\u00f5es do Instituto Nacional de Processamento de Embalagens Vazias de Agrot\u00f3xicos (Inpev), Ant\u00f4nio Carlos Amaral, ressalta a voca\u00e7\u00e3o de Minas para a inova\u00e7\u00e3o. &#8220;Minas Gerais est\u00e1 mais uma vez \u00e0 frente em a\u00e7\u00f5es inovadoras no agro. Esta unidade vai propiciar ao pequeno agricultor a devolu\u00e7\u00e3o de embalagens, em uma unidade licenciada, com processo operacional bem-feito, para que possa tirar essas embalagens do campo e realmente dar uma destina\u00e7\u00e3o correta&#8221;, explica.<\/p>\n<p><strong>Postos<\/strong><\/p>\n<p>De acordo com a fiscal da Coordenadoria Regional do\u00a0<a href=\"http:\/\/ima.mg.gov.br\/\" target=\"_blank\" rel=\"noopener\">Instituto Mineiro de Agropecu\u00e1ria\u00a0(IMA)<\/a>\u00a0em Belo Horizonte, Luc\u00e9lia Fernandes, os postos s\u00e3o locais que se destinam ao recebimento, controle e armazenamento tempor\u00e1rio das embalagens vazias de agrot\u00f3xicos e afins, at\u00e9 que elas sejam transferidas \u00e0 central, gerenciada pelas revendas de agrot\u00f3xicos.<\/p>\n<p>\u201cMesmo com o n\u00famero significativo de postos e centrais em Minas Gerais, muitos produtores rurais t\u00eam dificuldade para devolver embalagens vazias, por causa das longas dist\u00e2ncias entre as unidades e as propriedades. A Ceasa Contagem \u00e9 uma central de abastecimento que recebe milhares de produtores rurais de todo o estado de Minas Gerais\u201d, sinaliza.<\/p>\n<p>Conforme legisla\u00e7\u00e3o N\u00ba 465 do Conselho Nacional do Meio Ambiente (Conama), o produtor rural tem prazo de um ano para devolver as embalagens vazias de agrot\u00f3xicos. Por\u00e9m, com o novo posto na Ceasa Minas, a devolu\u00e7\u00e3o poder\u00e1 ser di\u00e1ria e em volume reduzido, evitando o ac\u00famulo das embalagens na propriedade.<\/p>\n<p>\u201cO posto disp\u00f5e de 80 metros quadrados, espa\u00e7o suficiente para receber as embalagens vazias de agrot\u00f3xicos com seguran\u00e7a. O Inpev tem a responsabilidade de recolher essas embalagens e transport\u00e1-las para as centrais quando o posto atingir metade da capacidade\u201d, detalha Luc\u00e9lia.<\/p>\n<p><strong>Iniciativa<\/strong><\/p>\n<p>A iniciativa da constru\u00e7\u00e3o do posto surgiu da parceria entre IMA, Seapa, Inpev, Ceasa, Associa\u00e7\u00e3o dos Produtores de Hortifrutigranjeiros das Ceasa de Minas Gerais (Aphsemg) e Associa\u00e7\u00e3o dos Revendedores de Defensivos Agr\u00edcolas do Vale do Paraopeba e Regi\u00e3o (Ardavpr).<\/p>\n<p>Com este posto, acrescenta Luc\u00e9lia, o produtor rural ter\u00e1 mais facilidade de devolver suas embalagens vazias de agrot\u00f3xicos, reduzindo os custos com o transporte, otimizando o seu tempo. \u201cO que torna sua produ\u00e7\u00e3o mais sustent\u00e1vel, retirando passivo da propriedade com mais agilidade. Evita queima, descarte nos cursos d&#8217;\u00e1gua e diminui consideravelmente o impacto ambiental\u201d, enumera.<\/p>\n<p>O presidente da Associa\u00e7\u00e3o dos Revendedores de Defensivos Agr\u00edcolas do Vale do Paraopeba e Regi\u00e3o, Jaeder Santana Soares, detalha. &#8220;A import\u00e2ncia para o produtor \u00e9 a log\u00edstica. \u00c9 muito f\u00e1cil, para quem produz, devolver a embalagem vazia ao trazer o seu produto para a Ceasa. Fico muito honrado em ter participado desse projeto&#8221;, diz.<\/p>\n<p><strong>Tr\u00edplice lavagem, descarte e cuidados\u00a0<\/strong><\/p>\n<p>Os princ\u00edpios do manejo e do destino correto das embalagens vazias de agrot\u00f3xicos s\u00e3o responsabilidades compartilhadas entre agentes da produ\u00e7\u00e3o agr\u00edcola (produtores rurais, revendas de agrot\u00f3xicos, ind\u00fastria e poder p\u00fablico), determinados pela Lei Federal N\u00ba 9974\/00 que altera a Lei 7802\/89 e a Lei Estadual 10545\/91.<\/p>\n<p>Segundo a fiscal do IMA, Marcela Ferreira, o compromisso de todos os segmentos envolvidos na cadeia produtiva agr\u00edcola \u00e9 fundamental para tornar poss\u00edvel o destino correto dos produtos.<\/p>\n<p>Para mais informa\u00e7\u00f5es sobre descarte e cuidados com embalagens de agrot\u00f3xicos,\u00a0<a href=\"http:\/\/ima.mg.gov.br\/sanidade-vegetal\/agrotoxicos\" target=\"_blank\" rel=\"noopener\">clique aqui<\/a>.<\/p>\n<p><span style=\"font-weight: 400;\">Fonte: Ag\u00eancia Minas <\/span><\/p>\n","protected":false},"excerpt":{"rendered":"<p>O\u00a0Governo de Minas\u00a0inaugurou, nesta quarta-feira (8\/6), mais um posto de recebimento de embalagens vazias de agrot\u00f3xicos, dessa vez na Ceasa Minas, em Contagem, na Regi\u00e3o Metropolitana de Belo Horizonte (RMBH). Este \u00e9 o 59\u00ba posto no estado, que possui mais sete centrais de recebimento de embalagens vazias de agrot\u00f3xicos distribu\u00eddas em \u00e1reas estrat\u00e9gicas. A a\u00e7\u00e3o [&hellip;]<\/p>\n","protected":false},"author":246,"featured_media":200062,"comment_status":"closed","ping_status":"closed","sticky":false,"template":"","format":"standard","meta":{"footnotes":""},"categories":[436,254,439],"tags":[],"class_list":["post-200061","post","type-post","status-publish","format-standard","has-post-thumbnail","hentry","category-destaque-da-semana","category-politica","category-ultima-hora"],"_links":{"self":[{"href":"https:\/\/diarioregionaldigital.com.br\/index.php?rest_route=\/wp\/v2\/posts\/200061","targetHints":{"allow":["GET"]}}],"collection":[{"href":"https:\/\/diarioregionaldigital.com.br\/index.php?rest_route=\/wp\/v2\/posts"}],"about":[{"href":"https:\/\/diarioregionaldigital.com.br\/index.php?rest_route=\/wp\/v2\/types\/post"}],"author":[{"embeddable":true,"href":"https:\/\/diarioregionaldigital.com.br\/index.php?rest_route=\/wp\/v2\/users\/246"}],"replies":[{"embeddable":true,"href":"https:\/\/diarioregionaldigital.com.br\/index.php?rest_route=%2Fwp%2Fv2%2Fcomments&post=200061"}],"version-history":[{"count":1,"href":"https:\/\/diarioregionaldigital.com.br\/index.php?rest_route=\/wp\/v2\/posts\/200061\/revisions"}],"predecessor-version":[{"id":200063,"href":"https:\/\/diarioregionaldigital.com.br\/index.php?rest_route=\/wp\/v2\/posts\/200061\/revisions\/200063"}],"wp:featuredmedia":[{"embeddable":true,"href":"https:\/\/diarioregionaldigital.com.br\/index.php?rest_route=\/wp\/v2\/media\/200062"}],"wp:attachment":[{"href":"https:\/\/diarioregionaldigital.com.br\/index.php?rest_route=%2Fwp%2Fv2%2Fmedia&parent=200061"}],"wp:term":[{"taxonomy":"category","embeddable":true,"href":"https:\/\/diarioregionaldigital.com.br\/index.php?rest_route=%2Fwp%2Fv2%2Fcategories&post=200061"},{"taxonomy":"post_tag","embeddable":true,"href":"https:\/\/diarioregionaldigital.com.br\/index.php?rest_route=%2Fwp%2Fv2%2Ftags&post=200061"}],"curies":[{"name":"wp","href":"https:\/\/api.w.org\/{rel}","templated":true}]}}