{"id":200054,"date":"2022-06-08T17:08:32","date_gmt":"2022-06-08T20:08:32","guid":{"rendered":"https:\/\/diarioregionaldigital.com.br\/?p=200054"},"modified":"2022-06-08T17:08:32","modified_gmt":"2022-06-08T20:08:32","slug":"governo-reduz-custo-de-movimentacao-de-produtos-importados-em-portos","status":"publish","type":"post","link":"https:\/\/diarioregionaldigital.com.br\/?p=200054","title":{"rendered":"Governo reduz custo de movimenta\u00e7\u00e3o de produtos importados em portos"},"content":{"rendered":"<p>O governo federal publicou\u00a0hoje\u00a0(8) no\u00a0<em>Di\u00e1rio Oficial da Uni\u00e3o<\/em>\u00a0<a href=\"https:\/\/www.in.gov.br\/en\/web\/dou\/-\/decreto-n-11.090-de-7-de-junho-de-2022-406244931\" target=\"_blank\" rel=\"noopener\">decreto<\/a>\u00a0que retira da base de c\u00e1lculo do imposto de importa\u00e7\u00e3o\u00a0a chamada\u00a0taxa de capatazia. Segundo o governo, a retirada da capatazia do valor aduaneiro vai promover &#8220;uma abertura comercial transversal da economia&#8221;, diminuindo custos com a importa\u00e7\u00e3o.<img decoding=\"async\" src=\"https:\/\/agenciabrasil.ebc.com.br\/ebc.png?id=1464483&amp;o=node\" \/><img decoding=\"async\" src=\"https:\/\/agenciabrasil.ebc.com.br\/ebc.gif?id=1464483&amp;o=node\" \/><\/p>\n<p>A capatazia \u00e9 a atividade de movimenta\u00e7\u00e3o de mercadorias nas instala\u00e7\u00f5es dentro do porto e est\u00e1 relacionada ao recebimento, confer\u00eancia, transporte interno, abertura de volumes para a confer\u00eancia aduaneira, manipula\u00e7\u00e3o, arruma\u00e7\u00e3o e entrega, bem como o carregamento e a descarga de embarca\u00e7\u00f5es.<\/p>\n<p>O decreto publicado nesta\u00a0quarta-feira altera outro dispositivo, de 2009, que regulamenta a administra\u00e7\u00e3o das atividades aduaneiras, a fiscaliza\u00e7\u00e3o, o controle e a tributa\u00e7\u00e3o das opera\u00e7\u00f5es de com\u00e9rcio exterior relacionadas \u00e0 descarga e ao manuseio, associados ao transporte da mercadoria importada.<\/p>\n<p>Com a nova reda\u00e7\u00e3o, para efeito do c\u00e1lculo de valor aduaneiro, ficam exclu\u00eddos os gastos &#8220;incorridos no territ\u00f3rio nacional e destacados do custo de transporte&#8221;. As novas regras valem a partir de\u00a0hoje, data da publica\u00e7\u00e3o do decreto.<\/p>\n<p>De acordo com o governo, a medida &#8220;est\u00e1 em harmonia com os compromissos internacionais assumidos pelo Brasil junto aos parceiros do Mercosul e \u00e0 Organiza\u00e7\u00e3o Mundial do Com\u00e9rcio (OMC)&#8221;.<\/p>\n<p><span style=\"font-weight: 400;\">Fonte: Ag\u00eancia Brasil <\/span><\/p>\n","protected":false},"excerpt":{"rendered":"<p>O governo federal publicou\u00a0hoje\u00a0(8) no\u00a0Di\u00e1rio Oficial da Uni\u00e3o\u00a0decreto\u00a0que retira da base de c\u00e1lculo do imposto de importa\u00e7\u00e3o\u00a0a chamada\u00a0taxa de capatazia. Segundo o governo, a retirada da capatazia do valor aduaneiro vai promover &#8220;uma abertura comercial transversal da economia&#8221;, diminuindo custos com a importa\u00e7\u00e3o. A capatazia \u00e9 a atividade de movimenta\u00e7\u00e3o de mercadorias nas instala\u00e7\u00f5es dentro [&hellip;]<\/p>\n","protected":false},"author":246,"featured_media":200055,"comment_status":"closed","ping_status":"closed","sticky":false,"template":"","format":"standard","meta":{"footnotes":""},"categories":[436,261,439],"tags":[],"class_list":["post-200054","post","type-post","status-publish","format-standard","has-post-thumbnail","hentry","category-destaque-da-semana","category-economia","category-ultima-hora"],"_links":{"self":[{"href":"https:\/\/diarioregionaldigital.com.br\/index.php?rest_route=\/wp\/v2\/posts\/200054","targetHints":{"allow":["GET"]}}],"collection":[{"href":"https:\/\/diarioregionaldigital.com.br\/index.php?rest_route=\/wp\/v2\/posts"}],"about":[{"href":"https:\/\/diarioregionaldigital.com.br\/index.php?rest_route=\/wp\/v2\/types\/post"}],"author":[{"embeddable":true,"href":"https:\/\/diarioregionaldigital.com.br\/index.php?rest_route=\/wp\/v2\/users\/246"}],"replies":[{"embeddable":true,"href":"https:\/\/diarioregionaldigital.com.br\/index.php?rest_route=%2Fwp%2Fv2%2Fcomments&post=200054"}],"version-history":[{"count":1,"href":"https:\/\/diarioregionaldigital.com.br\/index.php?rest_route=\/wp\/v2\/posts\/200054\/revisions"}],"predecessor-version":[{"id":200056,"href":"https:\/\/diarioregionaldigital.com.br\/index.php?rest_route=\/wp\/v2\/posts\/200054\/revisions\/200056"}],"wp:featuredmedia":[{"embeddable":true,"href":"https:\/\/diarioregionaldigital.com.br\/index.php?rest_route=\/wp\/v2\/media\/200055"}],"wp:attachment":[{"href":"https:\/\/diarioregionaldigital.com.br\/index.php?rest_route=%2Fwp%2Fv2%2Fmedia&parent=200054"}],"wp:term":[{"taxonomy":"category","embeddable":true,"href":"https:\/\/diarioregionaldigital.com.br\/index.php?rest_route=%2Fwp%2Fv2%2Fcategories&post=200054"},{"taxonomy":"post_tag","embeddable":true,"href":"https:\/\/diarioregionaldigital.com.br\/index.php?rest_route=%2Fwp%2Fv2%2Ftags&post=200054"}],"curies":[{"name":"wp","href":"https:\/\/api.w.org\/{rel}","templated":true}]}}