{"id":200051,"date":"2022-06-08T17:05:59","date_gmt":"2022-06-08T20:05:59","guid":{"rendered":"https:\/\/diarioregionaldigital.com.br\/?p=200051"},"modified":"2022-06-08T17:05:59","modified_gmt":"2022-06-08T20:05:59","slug":"safra-de-graos-deve-chegar-a-2713-milhoes-de-toneladas-estima-conab","status":"publish","type":"post","link":"https:\/\/diarioregionaldigital.com.br\/?p=200051","title":{"rendered":"Safra de gr\u00e3os deve chegar a 271,3 milh\u00f5es de toneladas, estima Conab"},"content":{"rendered":"<p>A safra de gr\u00e3os brasileira 2021\/2022 deve alcan\u00e7ar\u00a0271,3 milh\u00f5es de toneladas, informou\u00a0hoje\u00a0(8) a Companhia Nacional de Abastecimento (Conab). A estimativa, que faz parte do 9\u00ba levantamento da safra divulgado pela empresa, aponta ainda um ganho de 15,8 milh\u00f5es de toneladas\u00a0na compara\u00e7\u00e3o com a safra de 2020\/2021.<img decoding=\"async\" src=\"https:\/\/agenciabrasil.ebc.com.br\/ebc.png?id=1464469&amp;o=node\" \/><img decoding=\"async\" src=\"https:\/\/agenciabrasil.ebc.com.br\/ebc.gif?id=1464469&amp;o=node\" \/><\/p>\n<p>Segundo a Conab, esse aumento\u00a0na produ\u00e7\u00e3o \u00e9 explicado\u00a0por um melhor desempenho do milho que apresentou crescimento de 32,3%, mesmo com as perdas causadas pelo comportamento clim\u00e1tico e o baixo \u00edndice pluviom\u00e9trico na Regi\u00e3o Centro-Sul.<\/p>\n<p>\u201cO comportamento clim\u00e1tico e o baixo \u00edndice pluviom\u00e9trico, sobretudo na Regi\u00e3o Centro-Sul, causaram perdas significativas nas culturas de milho e de soja, como j\u00e1 estamos anunciando h\u00e1 muito tempo. Inicialmente prev\u00edamos uma produ\u00e7\u00e3o total de uma safra de 288,6 milh\u00f5es de toneladas e em fun\u00e7\u00e3o desse fator clim\u00e1tico\u00a0hoje\u00a0temos uma redu\u00e7\u00e3o, mas comparando a safra 2020\/2021, tivemos um aumento de 6,2%, ou seja de 15,8 milh\u00f5es de toneladas\u201d, disse o presidente da Conab, Guilherme Ribeiro, durante a apresenta\u00e7\u00e3o do levantamento.<\/p>\n<p>De acordo com a Conab, a \u00e1rea plantada, na atual safra, \u00e9 estimada em 73,7 milh\u00f5es de hectares, crescimento de 5,7% se comparada \u00e0 safra 2020\/21. Os maiores incrementos s\u00e3o observados na soja, 4,6%, ou 1,8 milh\u00e3o de hectares e, no milho, 8,6% ou 1,7 milh\u00e3o de hectares.<\/p>\n<p>O levantamento mostra ainda que, no final\u00a0de maio, as culturas de primeira safra estavam com a colheita praticamente finalizada, as de\u00a0segunda\u00a0safra em fase inicial de colheita e as de terceira safra, juntamente com as culturas de inverno, em fase de semeadura.<\/p>\n<p>Na avalia\u00e7\u00e3o de Ribeiro, o resultado final vai depender do clima\u00a0nos pr\u00f3ximos meses. \u201cO resultado final do volume desta safra ainda depende do comportamento clim\u00e1tico, fator preponderante para o desenvolvimento das culturas\u201d, disse Ribeiro.<\/p>\n<p>A\u00a0Conab\u00a0informou que, para o milho, \u00e9 esperada uma produ\u00e7\u00e3o total de 115,2\u00a0milh\u00f5es de toneladas, eleva\u00e7\u00e3o de 32,3% em compara\u00e7\u00e3o com a safra 2020\/21. O levantamento mostra que a\u00a0primeira safra\u00a0j\u00e1 est\u00e1 em fase final de colheita e a segunda safra, em fase inicial. J\u00e1 a terceira safra teve o plantio finalizado na segunda quinzena\u00a0de abril.<\/p>\n<p>Em rela\u00e7\u00e3o ao arroz, a produ\u00e7\u00e3o ser\u00e1 menor que a\u00a0da\u00a0safra passada. A queda estimada \u00e9 de 9,9%. Com isso a safra deve ficar em 10,6\u00a0milh\u00f5es de toneladas, das quais 9,8\u00a0milh\u00f5es s\u00e3o de cultivo irrigado e 0,8 milh\u00f5es com o plantio sequeiro.<\/p>\n<p>&#8220;As condi\u00e7\u00f5es clim\u00e1ticas\u00a0de maio\u00a0foram favor\u00e1veis para a conclus\u00e3o da colheita na maioria dos estados, mas houve um excesso de chuvas no Nordeste, que tem prejudicado o avan\u00e7o da colheita&#8221;, diz o levantamento.<\/p>\n<p>A soja tamb\u00e9m\u00a0ter\u00e1 uma queda na produ\u00e7\u00e3o, disse a Conab. A produ\u00e7\u00e3o estimada \u00e9\u00a010,1% menor em rela\u00e7\u00e3o \u00e0 safra anterior e deve ficar em\u00a0124,3\u00a0milh\u00f5es.<\/p>\n<p>J\u00e1 as safras de feij\u00e3o e de algod\u00e3o\u00a0ter\u00e3o aumento em rela\u00e7\u00e3o \u00e0 safra anterior. Na de feij\u00e3o, a Conab estima um aumento de\u00a06,6% em rela\u00e7\u00e3o \u00e0 safra anterior, com a produ\u00e7\u00e3o ficando em 3,1 milh\u00f5es\u00a0de toneladas.<\/p>\n<p>A safra de algod\u00e3o deve\u00a0ter\u00a0um crescimento de 19,3%, favorecida, em parte, pelas condi\u00e7\u00f5es clim\u00e1ticas e pelo aumento na \u00e1rea plantada. A estimativa \u00e9 que a safra seja de 2,82 milh\u00f5es de toneladas de pluma.\u00a0A colheita foi iniciada em maio e ganhar\u00e1 escala em junho.<\/p>\n<p>J\u00e1 as culturas de inverno, como aveia, canola, centeio, cevada, trigo e triticale\u00a0est\u00e3o em fase de plantio, mas\u00a0ainda apresentam uma planta\u00e7\u00e3o incipiente e devem somar\u00a0pouco mais de 10\u00a0milh\u00f5es de toneladas, das quais 8,4\u00a0milh\u00f5es de toneladas para o trigo e 1,2\u00a0milh\u00e3o para a aveia.<\/p>\n<p><span style=\"font-weight: 400;\"><br \/>\n<\/span><span style=\"font-weight: 400;\">Fonte: Ag\u00eancia Brasil <\/span><\/p>\n","protected":false},"excerpt":{"rendered":"<p>A safra de gr\u00e3os brasileira 2021\/2022 deve alcan\u00e7ar\u00a0271,3 milh\u00f5es de toneladas, informou\u00a0hoje\u00a0(8) a Companhia Nacional de Abastecimento (Conab). A estimativa, que faz parte do 9\u00ba levantamento da safra divulgado pela empresa, aponta ainda um ganho de 15,8 milh\u00f5es de toneladas\u00a0na compara\u00e7\u00e3o com a safra de 2020\/2021. Segundo a Conab, esse aumento\u00a0na produ\u00e7\u00e3o \u00e9 explicado\u00a0por um [&hellip;]<\/p>\n","protected":false},"author":246,"featured_media":200052,"comment_status":"closed","ping_status":"closed","sticky":false,"template":"","format":"standard","meta":{"footnotes":""},"categories":[436,261,439],"tags":[],"class_list":["post-200051","post","type-post","status-publish","format-standard","has-post-thumbnail","hentry","category-destaque-da-semana","category-economia","category-ultima-hora"],"_links":{"self":[{"href":"https:\/\/diarioregionaldigital.com.br\/index.php?rest_route=\/wp\/v2\/posts\/200051","targetHints":{"allow":["GET"]}}],"collection":[{"href":"https:\/\/diarioregionaldigital.com.br\/index.php?rest_route=\/wp\/v2\/posts"}],"about":[{"href":"https:\/\/diarioregionaldigital.com.br\/index.php?rest_route=\/wp\/v2\/types\/post"}],"author":[{"embeddable":true,"href":"https:\/\/diarioregionaldigital.com.br\/index.php?rest_route=\/wp\/v2\/users\/246"}],"replies":[{"embeddable":true,"href":"https:\/\/diarioregionaldigital.com.br\/index.php?rest_route=%2Fwp%2Fv2%2Fcomments&post=200051"}],"version-history":[{"count":1,"href":"https:\/\/diarioregionaldigital.com.br\/index.php?rest_route=\/wp\/v2\/posts\/200051\/revisions"}],"predecessor-version":[{"id":200053,"href":"https:\/\/diarioregionaldigital.com.br\/index.php?rest_route=\/wp\/v2\/posts\/200051\/revisions\/200053"}],"wp:featuredmedia":[{"embeddable":true,"href":"https:\/\/diarioregionaldigital.com.br\/index.php?rest_route=\/wp\/v2\/media\/200052"}],"wp:attachment":[{"href":"https:\/\/diarioregionaldigital.com.br\/index.php?rest_route=%2Fwp%2Fv2%2Fmedia&parent=200051"}],"wp:term":[{"taxonomy":"category","embeddable":true,"href":"https:\/\/diarioregionaldigital.com.br\/index.php?rest_route=%2Fwp%2Fv2%2Fcategories&post=200051"},{"taxonomy":"post_tag","embeddable":true,"href":"https:\/\/diarioregionaldigital.com.br\/index.php?rest_route=%2Fwp%2Fv2%2Ftags&post=200051"}],"curies":[{"name":"wp","href":"https:\/\/api.w.org\/{rel}","templated":true}]}}