{"id":200048,"date":"2022-06-08T17:03:26","date_gmt":"2022-06-08T20:03:26","guid":{"rendered":"https:\/\/diarioregionaldigital.com.br\/?p=200048"},"modified":"2022-06-08T17:03:26","modified_gmt":"2022-06-08T20:03:26","slug":"abate-de-frangos-cai-e-o-de-bovinos-e-suinos-cresce-no-1o-trimestre","status":"publish","type":"post","link":"https:\/\/diarioregionaldigital.com.br\/?p=200048","title":{"rendered":"Abate de frangos cai e o de bovinos e su\u00ednos cresce no 1\u00ba trimestre"},"content":{"rendered":"<p>Os dados da produ\u00e7\u00e3o animal no Brasil indicam que no primeiro trimestre deste ano o abate de frangos recuou 1,7%, enquanto o de bovinos aumentou 5,5% e o de su\u00ednos teve alta de 7,2%, na compara\u00e7\u00e3o com o mesmo per\u00edodo de 2021. As informa\u00e7\u00f5es s\u00e3o da Estat\u00edstica da Produ\u00e7\u00e3o Pecu\u00e1ria, divulgada hoje (8) pelo Instituto Brasileiro de Geografia e Estat\u00edstica (IBGE)<img decoding=\"async\" src=\"https:\/\/agenciabrasil.ebc.com.br\/ebc.png?id=1464491&amp;o=node\" \/><img decoding=\"async\" src=\"https:\/\/agenciabrasil.ebc.com.br\/ebc.gif?id=1464491&amp;o=node\" \/><\/p>\n<p>Em rela\u00e7\u00e3o ao trimestre anterior, o abate de frangos caiu 0,2%, o de bovinos ficou est\u00e1vel e o de su\u00ednos cresceu 1,5%.<\/p>\n<h2>Bovinos<\/h2>\n<p>De janeiro a mar\u00e7o, foram abatidas um total de 6,96 milh\u00f5es de cabe\u00e7as de bovinos em estabelecimentos com inspe\u00e7\u00e3o sanit\u00e1ria, o que representa 361,75 mil cabe\u00e7as de bovinos a mais. A quantidade representa crescimento de 5,5% na compara\u00e7\u00e3o com o primeiro trimestre de 2021 e estabilidade frente ao quarto trimestre de 2021.<\/p>\n<p>Entre os meses do trimestre, o destaque foi mar\u00e7o, quando houve aumento de 8% na compara\u00e7\u00e3o anual, com o abate 2,47 milh\u00f5es de cabe\u00e7as. O abate de f\u00eameas cresceu 12,9% em rela\u00e7\u00e3o ao mesmo per\u00edodo de 2021, ap\u00f3s dois anos de quedas. O abate de machos subiu 1,1%.<\/p>\n<p>Houve aumentos de abate bovino em 18 das 27 unidades da federa\u00e7\u00e3o. Mato Grosso continua na primeira posi\u00e7\u00e3o no pa\u00eds, com 16,1% da participa\u00e7\u00e3o nacional, seguido por Mato Grosso do Sul (11,3%) e S\u00e3o Paulo (11%).<\/p>\n<p>A aquisi\u00e7\u00e3o de pe\u00e7as de couro pelos curtumes ficou est\u00e1vel na compara\u00e7\u00e3o com o primeiro trimestre do ano passado e caiu 1,4% na passagem do quarto trimestre de 2021, somando 7,12 milh\u00f5es de pe\u00e7as inteiras de couro cru. Na compara\u00e7\u00e3o anual, houve produ\u00e7\u00e3o de 959 pe\u00e7as a menos. Mato Grosso tem 15,7% da participa\u00e7\u00e3o nacional no recebimento e processamento do couro cru, seguido por Mato Grosso do Sul (13,9%) e S\u00e3o Paulo (10,9%).<\/p>\n<h2>Leite<\/h2>\n<p>A produ\u00e7\u00e3o de leite cru no per\u00edodo investigado chegou a 5,90 bilh\u00f5es de litros, uma redu\u00e7\u00e3o de 10,3% em rela\u00e7\u00e3o ao primeiro trimestre de 2021 e queda de 9,3% na compara\u00e7\u00e3o trimestral.<\/p>\n<p>A queda, que chegou a um total de 678,01 milh\u00f5es de litros de leite a menos no cen\u00e1rio nacional, foi proveniente de 19 das 26 unidades da federa\u00e7\u00e3o que participam da pesquisa. A lideran\u00e7a no setor fica com Minas Gerais, que tem 25,5% da capta\u00e7\u00e3o nacional, seguida por Paran\u00e1 (13,8%) e Rio Grande do Sul (12,5%).<\/p>\n<p>Como estat\u00edstica experimental, o IBGE divulgou tamb\u00e9m o pre\u00e7o do leite cru pago ao produtor. No primeiro trimestre de 2022 a m\u00e9dia nacional do pre\u00e7o por litro ficou em R$ 2,14. No mesmo trimestre de 2019 era de R$ 1,36, em 2020 foi para R$ 1,38 e em 2021 chegou a R$ 1,90.<\/p>\n<h2>Su\u00ednos<\/h2>\n<p>O primeiro trimestre de 2022 registrou os melhores resultados de abate su\u00edno para esses meses da s\u00e9rie hist\u00f3rica, iniciada em 1997. Foram abatidas nos tr\u00eas primeiros meses do ano 13,64 milh\u00f5es de cabe\u00e7as, um aumento de 7,2% em rela\u00e7\u00e3o ao mesmo per\u00edodo de 2021, o que representa 920,43 mil cabe\u00e7as a mais. Na compara\u00e7\u00e3o trimestral, o aumento foi de 1,5%.<\/p>\n<p>O aumento da produ\u00e7\u00e3o ocorreu em 19 das 25 unidades da federa\u00e7\u00e3o investigadas. A lideran\u00e7a continua com Santa Catarina, estado onde foram abatidos 28,1% dos su\u00ednos da produ\u00e7\u00e3o nacional, seguido por Paran\u00e1 (20,5%) e Rio Grande do Sul (17,4%).<\/p>\n<h2>Frangos<\/h2>\n<p>A produ\u00e7\u00e3o de frangos teve redu\u00e7\u00e3o no per\u00edodo analisado, com queda de 1,7% em rela\u00e7\u00e3o ao mesmo per\u00edodo de 2021 e de 0,2% na compara\u00e7\u00e3o com o quarto trimestre de 2021. O total abatido chegou a 1,55 bilh\u00e3o de cabe\u00e7as de frangos, o que representa 27,25 milh\u00f5es a menos do que no primeiro trimestre do ano passado.<\/p>\n<p>A queda no abate foi registrada em 17 das 25 unidades da federa\u00e7\u00e3o pesquisadas pelo IBGE. A lideran\u00e7a do setor de frangos segue com o Paran\u00e1, que tem 33,5% da participa\u00e7\u00e3o nacional, seguido por Rio Grande do Sul (13,5%) e Santa Catarina (13,2%).<\/p>\n<p>A produ\u00e7\u00e3o de ovos de galinha chegou a 977,20 milh\u00f5es de d\u00fazias no primeiro trimestre do ano, uma queda de 2% na compara\u00e7\u00e3o anual e de 2,5% em rela\u00e7\u00e3o ao trimestre anterior. Por\u00e9m, o IBGE ressalta que, mesmo com a retra\u00e7\u00e3o, esse \u00e9 o segundo melhor resultado para um primeiro trimestre desde o in\u00edcio da s\u00e9rie hist\u00f3rica, iniciada em 1987.<\/p>\n<p>Foram produzidas 19,6 milh\u00f5es de d\u00fazias de ovos a menos no pa\u00eds, com quedas em 15 das 26 unidades da federa\u00e7\u00e3o.<\/p>\n<p><span style=\"font-weight: 400;\"><br \/>\n<\/span><span style=\"font-weight: 400;\">Fonte: Ag\u00eancia Brasil\u00a0<\/span><span style=\"font-weight: 400;\"><br \/>\n<\/span><\/p>\n","protected":false},"excerpt":{"rendered":"<p>Os dados da produ\u00e7\u00e3o animal no Brasil indicam que no primeiro trimestre deste ano o abate de frangos recuou 1,7%, enquanto o de bovinos aumentou 5,5% e o de su\u00ednos teve alta de 7,2%, na compara\u00e7\u00e3o com o mesmo per\u00edodo de 2021. As informa\u00e7\u00f5es s\u00e3o da Estat\u00edstica da Produ\u00e7\u00e3o Pecu\u00e1ria, divulgada hoje (8) pelo Instituto [&hellip;]<\/p>\n","protected":false},"author":246,"featured_media":200049,"comment_status":"closed","ping_status":"closed","sticky":false,"template":"","format":"standard","meta":{"footnotes":""},"categories":[436,261,439],"tags":[],"class_list":["post-200048","post","type-post","status-publish","format-standard","has-post-thumbnail","hentry","category-destaque-da-semana","category-economia","category-ultima-hora"],"_links":{"self":[{"href":"https:\/\/diarioregionaldigital.com.br\/index.php?rest_route=\/wp\/v2\/posts\/200048","targetHints":{"allow":["GET"]}}],"collection":[{"href":"https:\/\/diarioregionaldigital.com.br\/index.php?rest_route=\/wp\/v2\/posts"}],"about":[{"href":"https:\/\/diarioregionaldigital.com.br\/index.php?rest_route=\/wp\/v2\/types\/post"}],"author":[{"embeddable":true,"href":"https:\/\/diarioregionaldigital.com.br\/index.php?rest_route=\/wp\/v2\/users\/246"}],"replies":[{"embeddable":true,"href":"https:\/\/diarioregionaldigital.com.br\/index.php?rest_route=%2Fwp%2Fv2%2Fcomments&post=200048"}],"version-history":[{"count":1,"href":"https:\/\/diarioregionaldigital.com.br\/index.php?rest_route=\/wp\/v2\/posts\/200048\/revisions"}],"predecessor-version":[{"id":200050,"href":"https:\/\/diarioregionaldigital.com.br\/index.php?rest_route=\/wp\/v2\/posts\/200048\/revisions\/200050"}],"wp:featuredmedia":[{"embeddable":true,"href":"https:\/\/diarioregionaldigital.com.br\/index.php?rest_route=\/wp\/v2\/media\/200049"}],"wp:attachment":[{"href":"https:\/\/diarioregionaldigital.com.br\/index.php?rest_route=%2Fwp%2Fv2%2Fmedia&parent=200048"}],"wp:term":[{"taxonomy":"category","embeddable":true,"href":"https:\/\/diarioregionaldigital.com.br\/index.php?rest_route=%2Fwp%2Fv2%2Fcategories&post=200048"},{"taxonomy":"post_tag","embeddable":true,"href":"https:\/\/diarioregionaldigital.com.br\/index.php?rest_route=%2Fwp%2Fv2%2Ftags&post=200048"}],"curies":[{"name":"wp","href":"https:\/\/api.w.org\/{rel}","templated":true}]}}