{"id":200045,"date":"2022-06-08T17:01:54","date_gmt":"2022-06-08T20:01:54","guid":{"rendered":"https:\/\/diarioregionaldigital.com.br\/?p=200045"},"modified":"2022-06-08T17:01:54","modified_gmt":"2022-06-08T20:01:54","slug":"consumo-das-familias-tem-alta-de-73-em-abril","status":"publish","type":"post","link":"https:\/\/diarioregionaldigital.com.br\/?p=200045","title":{"rendered":"Consumo das fam\u00edlias tem alta de 7,3% em abril"},"content":{"rendered":"<p>O consumo das fam\u00edlias brasileiras teve alta de 7,37% em abril na compara\u00e7\u00e3o com o mesmo m\u00eas de 2021, segundo levantamento divulgado\u00a0hoje\u00a0(12) pela Associa\u00e7\u00e3o Brasileira de Supermercados (Abras). Nos primeiros quatro meses do ano, o consumo registra alta de 2,5% em rela\u00e7\u00e3o ao mesmo per\u00edodo do ano passado.<img decoding=\"async\" src=\"https:\/\/agenciabrasil.ebc.com.br\/ebc.png?id=1464499&amp;o=node\" \/><img decoding=\"async\" src=\"https:\/\/agenciabrasil.ebc.com.br\/ebc.gif?id=1464499&amp;o=node\" \/><\/p>\n<p>Segundo o vice-presidente Administrativo e Institucional da Abras, Marcio Milan, os resultados indicam que h\u00e1 crescimento consistente do consumo nesta primeira parte do ano. \u201cMostra estabilidade no consumo nos meses\u00a0de fevereiro, mar\u00e7o e abril\u201d, ressaltou. Em compara\u00e7\u00e3o com mar\u00e7o, a expans\u00e3o do consumo em abril ficou 4,2%.<\/p>\n<p>Para este ano, a previs\u00e3o da Abras \u00e9 que o consumo das fam\u00edlias tenha crescimento de 2,8%.<\/p>\n<h2>Alta nos pre\u00e7os<\/h2>\n<p>A cesta com os 35 produtos mais consumidos em supermercados registrou, no acumulado\u00a0de janeiro\u00a0a abril, alta de 8,31% em rela\u00e7\u00e3o ao mesmo per\u00edodo de 2021. No acumulado de 12 meses, os pre\u00e7os tiveram alta de 17,87%.<\/p>\n<p>Os produtos com\u00a0as maiores altas no primeiro quadrimestre de 2022 foram o leite longa vida (22,35%), o \u00f3leo de soja (20,38%), o feij\u00e3o (19,71%) e a farinha de trigo (15,45%).<\/p>\n<p>De acordo com Milan, os pre\u00e7os dos produtos t\u00eam sofrido diversas press\u00f5es inflacion\u00e1rias, como o aumento dos custos com energia com a Guerra na Ucr\u00e2nia. Para ele, \u00e9 necess\u00e1rio reduzir, ainda que momentaneamente, os impostos para conseguir conter a alta inflacion\u00e1ria. \u201cPelo menos um per\u00edodo de corte desses impostos. Um esfor\u00e7o do governo federal, estadual, municipal no sentido de criar alternativas para a gente\u00a0ter\u00a0uma cesta b\u00e1sica desonerada\u201d, defendeu.<\/p>\n<p><span style=\"font-weight: 400;\"><br \/>\n<\/span><span style=\"font-weight: 400;\">Fonte: Ag\u00eancia Brasil\u00a0<\/span><span style=\"font-weight: 400;\"><br \/>\n<\/span><\/p>\n","protected":false},"excerpt":{"rendered":"<p>O consumo das fam\u00edlias brasileiras teve alta de 7,37% em abril na compara\u00e7\u00e3o com o mesmo m\u00eas de 2021, segundo levantamento divulgado\u00a0hoje\u00a0(12) pela Associa\u00e7\u00e3o Brasileira de Supermercados (Abras). Nos primeiros quatro meses do ano, o consumo registra alta de 2,5% em rela\u00e7\u00e3o ao mesmo per\u00edodo do ano passado. Segundo o vice-presidente Administrativo e Institucional da [&hellip;]<\/p>\n","protected":false},"author":246,"featured_media":200046,"comment_status":"closed","ping_status":"closed","sticky":false,"template":"","format":"standard","meta":{"footnotes":""},"categories":[436,440,261,439],"tags":[],"class_list":["post-200045","post","type-post","status-publish","format-standard","has-post-thumbnail","hentry","category-destaque-da-semana","category-destaques-do-dia","category-economia","category-ultima-hora"],"_links":{"self":[{"href":"https:\/\/diarioregionaldigital.com.br\/index.php?rest_route=\/wp\/v2\/posts\/200045","targetHints":{"allow":["GET"]}}],"collection":[{"href":"https:\/\/diarioregionaldigital.com.br\/index.php?rest_route=\/wp\/v2\/posts"}],"about":[{"href":"https:\/\/diarioregionaldigital.com.br\/index.php?rest_route=\/wp\/v2\/types\/post"}],"author":[{"embeddable":true,"href":"https:\/\/diarioregionaldigital.com.br\/index.php?rest_route=\/wp\/v2\/users\/246"}],"replies":[{"embeddable":true,"href":"https:\/\/diarioregionaldigital.com.br\/index.php?rest_route=%2Fwp%2Fv2%2Fcomments&post=200045"}],"version-history":[{"count":1,"href":"https:\/\/diarioregionaldigital.com.br\/index.php?rest_route=\/wp\/v2\/posts\/200045\/revisions"}],"predecessor-version":[{"id":200047,"href":"https:\/\/diarioregionaldigital.com.br\/index.php?rest_route=\/wp\/v2\/posts\/200045\/revisions\/200047"}],"wp:featuredmedia":[{"embeddable":true,"href":"https:\/\/diarioregionaldigital.com.br\/index.php?rest_route=\/wp\/v2\/media\/200046"}],"wp:attachment":[{"href":"https:\/\/diarioregionaldigital.com.br\/index.php?rest_route=%2Fwp%2Fv2%2Fmedia&parent=200045"}],"wp:term":[{"taxonomy":"category","embeddable":true,"href":"https:\/\/diarioregionaldigital.com.br\/index.php?rest_route=%2Fwp%2Fv2%2Fcategories&post=200045"},{"taxonomy":"post_tag","embeddable":true,"href":"https:\/\/diarioregionaldigital.com.br\/index.php?rest_route=%2Fwp%2Fv2%2Ftags&post=200045"}],"curies":[{"name":"wp","href":"https:\/\/api.w.org\/{rel}","templated":true}]}}