{"id":200004,"date":"2022-06-07T18:22:53","date_gmt":"2022-06-07T21:22:53","guid":{"rendered":"https:\/\/diarioregionaldigital.com.br\/?p=200004"},"modified":"2022-06-07T18:22:53","modified_gmt":"2022-06-07T21:22:53","slug":"governo-de-minas-nomeia-mais-2-mil-professores-aprovados-em-concurso-publico-da-educacao","status":"publish","type":"post","link":"https:\/\/diarioregionaldigital.com.br\/?p=200004","title":{"rendered":"Governo de Minas nomeia mais 2 mil professores aprovados em concurso p\u00fablico da Educa\u00e7\u00e3o"},"content":{"rendered":"<p>O\u00a0<a href=\"https:\/\/www.mg.gov.br\/\" target=\"_blank\" rel=\"noopener\">Governo de Minas Gerais<\/a>\u00a0vai nomear 2.030 novos profissionais da Educa\u00e7\u00e3o aprovados em concurso p\u00fablico para atuar em escolas da rede estadual de ensino. As nomea\u00e7\u00f5es s\u00e3o referentes ao saldo remanescente de candidatos aprovados em concurso p\u00fablico da Educa\u00e7\u00e3o, dentro no n\u00famero de vagas previstas no Edital SEE n\u00ba 07\/2017. O primeiro lote ser\u00e1 publicado nesta quinta-feira (9\/6) e contemplar\u00e1 1.030 mil cargos, sendo 1.009 Professores de Educa\u00e7\u00e3o B\u00e1sica (PEB) e 21 Especialistas de Educa\u00e7\u00e3o B\u00e1sica (EEB). Em julho ser\u00e3o nomeados outros 1 mil\u00a0professores aprovados no concurso.<\/p>\n<p>As vagas contemplam 92 munic\u00edpios mineiros, de 31 Superintend\u00eancias Regionais de Ensino (SREs). Com o novo cronograma divulgado, o Governo de Minas totaliza cerca de 10 mil servidores aprovados em concurso p\u00fablico da Educa\u00e7\u00e3o nomeados para atuar na rede estadual de ensino, desde o in\u00edcio desta gest\u00e3o.<\/p>\n<p>&#8220;Esta \u00e9 uma antiga e justa reivindica\u00e7\u00e3o dos professores, que foram aprovados em concurso p\u00fablico ainda em 2017. Esses profissionais v\u00e3o contribuir muito para o aprendizado dos alunos. J\u00e1 melhoramos a merenda, colocamos em curso o M\u00e3os \u00e0 Obra, programa que destina mais de R$ 382 milh\u00f5es para obras em mais de 1,3 mil escolas, estamos construindo quadras poliesportivas. Queremos uma educa\u00e7\u00e3o com cada vez mais qualidade\u201d, disse o governador Romeu Zema.<\/p>\n<p><strong>Chamamento<\/strong><\/p>\n<p>A primeira publica\u00e7\u00e3o ocorreu em agosto de 2019, quando foram feitas mil nomea\u00e7\u00f5es. Ainda no mesmo ano, em outubro, outros dois lotes de chamamento dos aprovados em concurso foram realizados. Em mar\u00e7o de 2020, foi publicada uma nova listagem.<\/p>\n<p>Em fun\u00e7\u00e3o das implica\u00e7\u00f5es causadas pela pandemia de covid-19, as nomea\u00e7\u00f5es voltaram a ser realizadas em janeiro de 2021. O cronograma foi, ent\u00e3o, retomado ap\u00f3s a melhoria dos indicadores epidemiol\u00f3gicos, com a publica\u00e7\u00e3o do sexto lote em setembro, do s\u00e9timo em outubro, e do oitavo em novembro de 2021. Agora, em 2022, mais de 2 mil profissionais ser\u00e3o nomeados do concurso de edital de 2017, que teve a vig\u00eancia prorrogada at\u00e9 12 de abril de 2024.<\/p>\n<p><span style=\"font-weight: 400;\">Fonte: Ag\u00eancia Minas <\/span><\/p>\n","protected":false},"excerpt":{"rendered":"<p>O\u00a0Governo de Minas Gerais\u00a0vai nomear 2.030 novos profissionais da Educa\u00e7\u00e3o aprovados em concurso p\u00fablico para atuar em escolas da rede estadual de ensino. As nomea\u00e7\u00f5es s\u00e3o referentes ao saldo remanescente de candidatos aprovados em concurso p\u00fablico da Educa\u00e7\u00e3o, dentro no n\u00famero de vagas previstas no Edital SEE n\u00ba 07\/2017. O primeiro lote ser\u00e1 publicado nesta [&hellip;]<\/p>\n","protected":false},"author":246,"featured_media":200005,"comment_status":"closed","ping_status":"closed","sticky":false,"template":"","format":"standard","meta":{"footnotes":""},"categories":[436,254,439],"tags":[],"class_list":["post-200004","post","type-post","status-publish","format-standard","has-post-thumbnail","hentry","category-destaque-da-semana","category-politica","category-ultima-hora"],"_links":{"self":[{"href":"https:\/\/diarioregionaldigital.com.br\/index.php?rest_route=\/wp\/v2\/posts\/200004","targetHints":{"allow":["GET"]}}],"collection":[{"href":"https:\/\/diarioregionaldigital.com.br\/index.php?rest_route=\/wp\/v2\/posts"}],"about":[{"href":"https:\/\/diarioregionaldigital.com.br\/index.php?rest_route=\/wp\/v2\/types\/post"}],"author":[{"embeddable":true,"href":"https:\/\/diarioregionaldigital.com.br\/index.php?rest_route=\/wp\/v2\/users\/246"}],"replies":[{"embeddable":true,"href":"https:\/\/diarioregionaldigital.com.br\/index.php?rest_route=%2Fwp%2Fv2%2Fcomments&post=200004"}],"version-history":[{"count":1,"href":"https:\/\/diarioregionaldigital.com.br\/index.php?rest_route=\/wp\/v2\/posts\/200004\/revisions"}],"predecessor-version":[{"id":200006,"href":"https:\/\/diarioregionaldigital.com.br\/index.php?rest_route=\/wp\/v2\/posts\/200004\/revisions\/200006"}],"wp:featuredmedia":[{"embeddable":true,"href":"https:\/\/diarioregionaldigital.com.br\/index.php?rest_route=\/wp\/v2\/media\/200005"}],"wp:attachment":[{"href":"https:\/\/diarioregionaldigital.com.br\/index.php?rest_route=%2Fwp%2Fv2%2Fmedia&parent=200004"}],"wp:term":[{"taxonomy":"category","embeddable":true,"href":"https:\/\/diarioregionaldigital.com.br\/index.php?rest_route=%2Fwp%2Fv2%2Fcategories&post=200004"},{"taxonomy":"post_tag","embeddable":true,"href":"https:\/\/diarioregionaldigital.com.br\/index.php?rest_route=%2Fwp%2Fv2%2Ftags&post=200004"}],"curies":[{"name":"wp","href":"https:\/\/api.w.org\/{rel}","templated":true}]}}