{"id":200001,"date":"2022-06-07T18:18:59","date_gmt":"2022-06-07T21:18:59","guid":{"rendered":"https:\/\/diarioregionaldigital.com.br\/?p=200001"},"modified":"2022-06-07T18:18:59","modified_gmt":"2022-06-07T21:18:59","slug":"via-liberdade-minas-e-sebrae-firmam-acordo-para-fortalecer-turismo-e-capacitar-empreendedores","status":"publish","type":"post","link":"https:\/\/diarioregionaldigital.com.br\/?p=200001","title":{"rendered":"Via Liberdade: Minas e Sebrae firmam acordo para fortalecer turismo e capacitar empreendedores"},"content":{"rendered":"<p>O\u00a0<a href=\"https:\/\/www.mg.gov.br\/\" target=\"_blank\" rel=\"noopener\">Governo de Minas<\/a>\u00a0firmou, nesta ter\u00e7a-feira (7\/6), acordo de coopera\u00e7\u00e3o com o Servi\u00e7o Brasileiro de Apoio \u00e0s Micro e Pequenas Empresas (Sebrae-MG) para fortalecer as a\u00e7\u00f5es de fortalecimento ao turismo no estado, com foco no territ\u00f3rio delimitado pelo programa Via Liberdade, a maior rota tur\u00edstica e cultural da Am\u00e9rica Latina. O percurso, que abrange 1.179 quil\u00f4metros da BR-040, interliga belezas, hist\u00f3ria, cultura e arte de Minas, Rio de Janeiro, Goi\u00e1s e Distrito Federal.<\/p>\n<p>O governador Romeu Zema assinou o acordo que d\u00e1 in\u00edcio \u00e0 parceria entre o Sebrae e a\u00a0<a href=\"https:\/\/www.secult.mg.gov.br\/\" target=\"_blank\" rel=\"noopener\">Secretaria de Estado de Cultura e Turismo (Secult)<\/a>\u00a0. Com isso, o \u00f3rg\u00e3o vai promover a capacita\u00e7\u00e3o de empreendedores localizados ao longo do Via Liberdade, al\u00e9m de auxiliar com a\u00e7\u00f5es de marketing e apoiar a estrutura\u00e7\u00e3o de destinos tur\u00edsticos.<\/p>\n<p>O acordo deve gerar empregos, promover produtos tur\u00edsticos e aumentar o fluxo de visitantes nas cidades.\u00a0 V\u00e3o ser contempladas pelo acordo as 71 empresas habilitadas no Programa Minas Recebe, que abrange 207 roteiros no Portal Minas Gerais e 101 roteiros do Via Liberdade.<\/p>\n<p>O governador celebrou o que considera um passo importante para ajudar a reerguer o setor de turismo, bastante afetado pela pandemia. &#8220;Fico satisfeito por estar aqui assistindo o reerguimento de um setor que foi um dos mais atingidos ao longo destes 27 meses de pandemia. Isso inclui o turismo, eventos, hotelaria, transporte, etc. E vale ressaltar que, hoje, os n\u00fameros est\u00e3o melhores do que no per\u00edodo pr\u00e9-pandemia. \u00c9 uma satisfa\u00e7\u00e3o grande ver que nosso estado, apesar de n\u00e3o ter praia, ter atra\u00e7\u00f5es de sobra, montanhas, lagos, cidades hist\u00f3ricas, gastronomia, parques naturais e, o melhor, um povo acolhedor\u201d, afirmou.<\/p>\n<p><strong>M\u00e3o de obra<\/strong><\/p>\n<p>Zema tamb\u00e9m destacou as a\u00e7\u00f5es do Estado para auxiliar as cidades que est\u00e3o inseridas no Via Liberdade com m\u00e3o de obra qualificada. \u201cTemos no Via Liberdade um grande potencial com esse trabalho do Sebrae de profissionaliza\u00e7\u00e3o das cidades, aliado ao Trilhas do Futuro, programa na \u00e1rea da educa\u00e7\u00e3o que est\u00e1 formando mais de 115 mil jovens e adultos em todos os setores, incluindo gastronomia, turismo e hotelaria. Estamos no caminho certo\u201d, acrescentou.<\/p>\n<p>O diretor de Opera\u00e7\u00f5es do Sebrae-MG, Marden M\u00e1rcio Magalh\u00e3es, explicou a atua\u00e7\u00e3o do \u00f3rg\u00e3o na parceria. \u201cNossa proposta se divide em tr\u00eas grandes iniciativas. A primeira, que \u00e9 capacitar, qualificar os gestores, meios de hospedagem etc, dando condi\u00e7\u00f5es para que possam receber as pessoas com toda essa mineiridade necess\u00e1ria. Em paralelo a isso, junto ao poder p\u00fablico, vamos construir planos de turismo para que tenhamos uma pol\u00edtica que incentive o desenvolvimento em cada territ\u00f3rio. E, por fim, fomento e incentivo \u00e0 promo\u00e7\u00e3o do turismo mineiro\u201d, disse.<\/p>\n<p><strong>Via Liberdade<\/strong><\/p>\n<p>O programa Via Liberdade foi lan\u00e7ado em abril para impulsionar o turismo nas cidades no entorno da BR-040, ligando 309 munic\u00edpios nos tr\u00eas estados e Distrito Federal. S\u00e3o 188 cidades mineiras dentro do trajeto.<\/p>\n<p>O secret\u00e1rio de Estado de Cultura e Turismo, Le\u00f4nidas Oliveira, ressaltou os benef\u00edcios do projeto para Minas e para o pa\u00eds. \u201cO Via Liberdade \u00e9 essa importante rota tur\u00edstica que tem mais de 70% do patrim\u00f4nio hist\u00f3rico tombado, que liga o mar \u00e0 capital Bras\u00edlia, e que tem o contexto da independ\u00eancia, que inclui o Dia do Fico, a liberdade de Minas e o apogeu de Bras\u00edlia em uma \u00fanica rota tur\u00edstica. Al\u00e9m disso, s\u00e3o milhares de cachoeiras, 25 parques e nove patrim\u00f4nios culturais da humanidade. \u00c9 a maior rota tur\u00edstica do pa\u00eds\u201d.<\/p>\n<p><strong>Turismo na RMBH<\/strong><\/p>\n<p>Ainda no evento, a Secult assinou Protocolo de Inten\u00e7\u00f5es com a Ag\u00eancia de Desenvolvimento da Regi\u00e3o Metropolitana de Belo Horizonte para estabelecer uma coopera\u00e7\u00e3o institucional para o fortalecimento do turismo na Regi\u00e3o Metropolitana de BH e entorno, promovendo trocas de experi\u00eancias e trabalhos de interesse m\u00fatuo.<\/p>\n<p>O acordo contribuir\u00e1 na implementa\u00e7\u00e3o de projetos do Reviva Turismo e do RMBH Desenvolve e ir\u00e1 fomentar as discuss\u00f5es para a integra\u00e7\u00e3o da atividade tur\u00edstica no planejamento metropolitano e municipal.<\/p>\n<p><span style=\"font-weight: 400;\">Fonte: Ag\u00eancia Minas <\/span><\/p>\n","protected":false},"excerpt":{"rendered":"<p>O\u00a0Governo de Minas\u00a0firmou, nesta ter\u00e7a-feira (7\/6), acordo de coopera\u00e7\u00e3o com o Servi\u00e7o Brasileiro de Apoio \u00e0s Micro e Pequenas Empresas (Sebrae-MG) para fortalecer as a\u00e7\u00f5es de fortalecimento ao turismo no estado, com foco no territ\u00f3rio delimitado pelo programa Via Liberdade, a maior rota tur\u00edstica e cultural da Am\u00e9rica Latina. O percurso, que abrange 1.179 quil\u00f4metros [&hellip;]<\/p>\n","protected":false},"author":246,"featured_media":200002,"comment_status":"closed","ping_status":"closed","sticky":false,"template":"","format":"standard","meta":{"footnotes":""},"categories":[436,254,439],"tags":[],"class_list":["post-200001","post","type-post","status-publish","format-standard","has-post-thumbnail","hentry","category-destaque-da-semana","category-politica","category-ultima-hora"],"_links":{"self":[{"href":"https:\/\/diarioregionaldigital.com.br\/index.php?rest_route=\/wp\/v2\/posts\/200001","targetHints":{"allow":["GET"]}}],"collection":[{"href":"https:\/\/diarioregionaldigital.com.br\/index.php?rest_route=\/wp\/v2\/posts"}],"about":[{"href":"https:\/\/diarioregionaldigital.com.br\/index.php?rest_route=\/wp\/v2\/types\/post"}],"author":[{"embeddable":true,"href":"https:\/\/diarioregionaldigital.com.br\/index.php?rest_route=\/wp\/v2\/users\/246"}],"replies":[{"embeddable":true,"href":"https:\/\/diarioregionaldigital.com.br\/index.php?rest_route=%2Fwp%2Fv2%2Fcomments&post=200001"}],"version-history":[{"count":1,"href":"https:\/\/diarioregionaldigital.com.br\/index.php?rest_route=\/wp\/v2\/posts\/200001\/revisions"}],"predecessor-version":[{"id":200003,"href":"https:\/\/diarioregionaldigital.com.br\/index.php?rest_route=\/wp\/v2\/posts\/200001\/revisions\/200003"}],"wp:featuredmedia":[{"embeddable":true,"href":"https:\/\/diarioregionaldigital.com.br\/index.php?rest_route=\/wp\/v2\/media\/200002"}],"wp:attachment":[{"href":"https:\/\/diarioregionaldigital.com.br\/index.php?rest_route=%2Fwp%2Fv2%2Fmedia&parent=200001"}],"wp:term":[{"taxonomy":"category","embeddable":true,"href":"https:\/\/diarioregionaldigital.com.br\/index.php?rest_route=%2Fwp%2Fv2%2Fcategories&post=200001"},{"taxonomy":"post_tag","embeddable":true,"href":"https:\/\/diarioregionaldigital.com.br\/index.php?rest_route=%2Fwp%2Fv2%2Ftags&post=200001"}],"curies":[{"name":"wp","href":"https:\/\/api.w.org\/{rel}","templated":true}]}}