{"id":199991,"date":"2022-06-07T17:55:11","date_gmt":"2022-06-07T20:55:11","guid":{"rendered":"https:\/\/diarioregionaldigital.com.br\/?p=199991"},"modified":"2022-06-07T17:55:11","modified_gmt":"2022-06-07T20:55:11","slug":"fgv-indicador-antecedente-de-emprego-sobe-14-ponto","status":"publish","type":"post","link":"https:\/\/diarioregionaldigital.com.br\/?p=199991","title":{"rendered":"FGV: Indicador Antecedente de Emprego sobe 1,4 ponto"},"content":{"rendered":"<p>O Indicador Antecedente de Emprego (IAEmp), divulgado hoje (7) pelo Instituto Brasileiro de Economia da Funda\u00e7\u00e3o Getulio Vargas (FGV\/Ibre), atingiu em maio o maior n\u00edvel desde dezembro, ao subir 1,4 ponto, para 80,9 pontos. Em dezembro de 2021, o indicador ficou em 81,8 pontos.<img decoding=\"async\" src=\"https:\/\/agenciabrasil.ebc.com.br\/ebc.png?id=1464103&amp;o=node\" \/><img decoding=\"async\" src=\"https:\/\/agenciabrasil.ebc.com.br\/ebc.gif?id=1464103&amp;o=node\" \/><\/p>\n<p>O IAEmp combina s\u00e9ries de dados extra\u00eddas das Sondagens da Ind\u00fastria, de Servi\u00e7os e do Consumidor para antecipar as tend\u00eancias do mercado de trabalho no pa\u00eds, se relacionando com o n\u00edvel de emprego.<\/p>\n<p>Em m\u00e9dias m\u00f3veis trimestrais, o IAEmp chegou a 78,5 pontos em maio, um aumento de 2,0 pontos. De acordo com o economista da FGV\/Ibre Rodolpho Tobler esta segunda alta seguida do indicador sugere um cen\u00e1rio mais favor\u00e1vel para o mercado de trabalho no segundo trimestre.<\/p>\n<p>\u201cA melhora do quadro sanit\u00e1rio, ap\u00f3s o surto do in\u00edcio do ano, e um certo aquecimento da atividade econ\u00f4mica parecem contribuir para a melhora do indicador. Ainda \u00e9 preciso cautela, dado que o indicador ainda se mant\u00e9m em patamar baixo e com perspectivas de recupera\u00e7\u00e3o lenta\u201d.<\/p>\n<p>Tobler avalia que a atividade econ\u00f4mica segue com proje\u00e7\u00e3o baixa para o ano de 2022 por causa da infla\u00e7\u00e3o alta e da pol\u00edtica monet\u00e1ria mais restritiva.<\/p>\n<h2>Componentes<\/h2>\n<p>No m\u00eas de maio, cinco dos sete componentes do IAEmp contribu\u00edram para o resultado positivo. O destaque foi a Ind\u00fastria, cujos indicadores de Situa\u00e7\u00e3o Atual dos Neg\u00f3cios e de Tend\u00eancia dos Neg\u00f3cios contribu\u00edram com 0,9 e 0,5 ponto, respectivamente.<\/p>\n<p>Sondagem de Servi\u00e7os &#8211; Emprego Previsto e Sondagem de Servi\u00e7os &#8211; Tend\u00eancia dos Neg\u00f3cios variaram 0,1 ponto. Sondagem do Consumidor &#8211; Emprego Local Futuro variou 0,3 no m\u00eas.<\/p>\n<p>Tiveram contribui\u00e7\u00e3o negativa os indicadores de Situa\u00e7\u00e3o Atual dos Neg\u00f3cios de Servi\u00e7os e o de Emprego Previsto da Ind\u00fastria, que variaram -0,2 e -0,1 ponto.<\/p>\n<p><span style=\"font-weight: 400;\">Fonte: Ag\u00eancia Brasil <\/span><\/p>\n","protected":false},"excerpt":{"rendered":"<p>O Indicador Antecedente de Emprego (IAEmp), divulgado hoje (7) pelo Instituto Brasileiro de Economia da Funda\u00e7\u00e3o Getulio Vargas (FGV\/Ibre), atingiu em maio o maior n\u00edvel desde dezembro, ao subir 1,4 ponto, para 80,9 pontos. Em dezembro de 2021, o indicador ficou em 81,8 pontos. O IAEmp combina s\u00e9ries de dados extra\u00eddas das Sondagens da Ind\u00fastria, [&hellip;]<\/p>\n","protected":false},"author":246,"featured_media":199992,"comment_status":"closed","ping_status":"closed","sticky":false,"template":"","format":"standard","meta":{"footnotes":""},"categories":[436,261,439],"tags":[],"class_list":["post-199991","post","type-post","status-publish","format-standard","has-post-thumbnail","hentry","category-destaque-da-semana","category-economia","category-ultima-hora"],"_links":{"self":[{"href":"https:\/\/diarioregionaldigital.com.br\/index.php?rest_route=\/wp\/v2\/posts\/199991","targetHints":{"allow":["GET"]}}],"collection":[{"href":"https:\/\/diarioregionaldigital.com.br\/index.php?rest_route=\/wp\/v2\/posts"}],"about":[{"href":"https:\/\/diarioregionaldigital.com.br\/index.php?rest_route=\/wp\/v2\/types\/post"}],"author":[{"embeddable":true,"href":"https:\/\/diarioregionaldigital.com.br\/index.php?rest_route=\/wp\/v2\/users\/246"}],"replies":[{"embeddable":true,"href":"https:\/\/diarioregionaldigital.com.br\/index.php?rest_route=%2Fwp%2Fv2%2Fcomments&post=199991"}],"version-history":[{"count":2,"href":"https:\/\/diarioregionaldigital.com.br\/index.php?rest_route=\/wp\/v2\/posts\/199991\/revisions"}],"predecessor-version":[{"id":199994,"href":"https:\/\/diarioregionaldigital.com.br\/index.php?rest_route=\/wp\/v2\/posts\/199991\/revisions\/199994"}],"wp:featuredmedia":[{"embeddable":true,"href":"https:\/\/diarioregionaldigital.com.br\/index.php?rest_route=\/wp\/v2\/media\/199992"}],"wp:attachment":[{"href":"https:\/\/diarioregionaldigital.com.br\/index.php?rest_route=%2Fwp%2Fv2%2Fmedia&parent=199991"}],"wp:term":[{"taxonomy":"category","embeddable":true,"href":"https:\/\/diarioregionaldigital.com.br\/index.php?rest_route=%2Fwp%2Fv2%2Fcategories&post=199991"},{"taxonomy":"post_tag","embeddable":true,"href":"https:\/\/diarioregionaldigital.com.br\/index.php?rest_route=%2Fwp%2Fv2%2Ftags&post=199991"}],"curies":[{"name":"wp","href":"https:\/\/api.w.org\/{rel}","templated":true}]}}