{"id":199988,"date":"2022-06-07T17:53:44","date_gmt":"2022-06-07T20:53:44","guid":{"rendered":"https:\/\/diarioregionaldigital.com.br\/?p=199988"},"modified":"2022-06-07T17:53:44","modified_gmt":"2022-06-07T20:53:44","slug":"producao-de-veiculos-tem-alta-de-68-em-maio","status":"publish","type":"post","link":"https:\/\/diarioregionaldigital.com.br\/?p=199988","title":{"rendered":"Produ\u00e7\u00e3o de ve\u00edculos tem alta de 6,8% em maio"},"content":{"rendered":"<p>A produ\u00e7\u00e3o de ve\u00edculos cresceu 6,8% em maio na compara\u00e7\u00e3o com o mesmo m\u00eas de 2021, segundo balan\u00e7o divulgado\u00a0hoje\u00a0(7) pela Associa\u00e7\u00e3o Nacional de Fabricantes de Ve\u00edculos Automotores (Anfavea). Foram fabricadas em maio deste ano 205,9 mil unidades, o que tamb\u00e9m representa um aumento de 10,7% em rela\u00e7\u00e3o a abril.<img decoding=\"async\" src=\"https:\/\/agenciabrasil.ebc.com.br\/ebc.png?id=1464165&amp;o=node\" \/><img decoding=\"async\" src=\"https:\/\/agenciabrasil.ebc.com.br\/ebc.gif?id=1464165&amp;o=node\" \/><\/p>\n<p>No acumulado\u00a0de janeiro\u00a0a maio foram produzidos 888,1 mil ve\u00edculos, uma queda de 9,5% na compara\u00e7\u00e3o com os primeiros cinco meses de 2021.<\/p>\n<p>Segundo o presidente da Anfavea, M\u00e1rcio de Lima Leite, as montadoras ainda enfrentam dificuldades para manter as linhas de produ\u00e7\u00e3o com as faltas de componentes em todo o mundo. \u201cO problema de semicondutores ainda persiste. Devagar a situa\u00e7\u00e3o tem, n\u00e3o se normalizado, mas se tornado menos cr\u00edtica. Mas ainda um grande desafio para as f\u00e1bricas entregarem e\u00a0manterem o n\u00edvel de produ\u00e7\u00e3o\u201d, disse durante a apresenta\u00e7\u00e3o dos dados.<\/p>\n<h2>Vendas<\/h2>\n<p>As vendas de ve\u00edculos novos tiveram uma ligeira queda, de 0,9%, em maio na compara\u00e7\u00e3o com o mesmo m\u00eas do ano passado. Foram emplacadas em maio, 187,1 mil unidades. No acumulado dos primeiros cinco meses do ano, a comercializa\u00e7\u00e3o de ve\u00edculos registra retra\u00e7\u00e3o de 17% em rela\u00e7\u00e3o ao mesmo per\u00edodo de 2021, com a venda de 740 mil unidades.<\/p>\n<p>As vendas de autom\u00f3veis e ve\u00edculos comerciais leves teve queda de 2,4% em maio na compara\u00e7\u00e3o com o mesmo m\u00eas de 2021, com a comercializa\u00e7\u00e3o de 152,8 mil unidades, No acumulado\u00a0de janeiro\u00a0a maio, foram vendidas 596,6 mil unidades, 21,1% menos do que nos cinco primeiros meses do ano passado.<\/p>\n<p>A comercializa\u00e7\u00e3o de caminh\u00f5es registrou retra\u00e7\u00e3o de 9,6% em maio em rela\u00e7\u00e3o ao mesmo m\u00eas de 2021, com a venda de 10,4 mil unidades. No acumulado\u00a0de janeiro\u00a0a maio, as vendas t\u00eam queda de 1,5% em compara\u00e7\u00e3o com o mesmo per\u00edodo do ano passado, com a comercializa\u00e7\u00e3o de 46,6 mil caminh\u00f5es.<\/p>\n<h2>Exporta\u00e7\u00f5es<\/h2>\n<p>As exporta\u00e7\u00f5es de ve\u00edculos tiveram alta de 24,6% em maio na compara\u00e7\u00e3o com o mesmo m\u00eas do ano passado, com 46,1 mil unidades vendidas para o exterior. No acumulado dos primeiros cinco meses do ano, a alta nas exporta\u00e7\u00f5es ficou em 19,4%, com a comercializa\u00e7\u00e3o de 198,9 mil para outros pa\u00edses.<\/p>\n<p>\u201cO ano de 2022 tem sido bastante interessante para a exporta\u00e7\u00e3o. O desafio \u00e9 que isso seja algo sustent\u00e1vel\u201d, comentou Leite<\/p>\n<h2>Emprego<\/h2>\n<p>A quantidade de pessoas empregadas na ind\u00fastria de ve\u00edculos registrou queda de 2,2% em maio em rela\u00e7\u00e3o ao mesmo m\u00eas de 2021. Atualmente, as montadoras t\u00eam 101,8 mil trabalhadores.<\/p>\n<p><span style=\"font-weight: 400;\"><br \/>\n<\/span><span style=\"font-weight: 400;\">Fonte: Ag\u00eancia Brasil <\/span><\/p>\n","protected":false},"excerpt":{"rendered":"<p>A produ\u00e7\u00e3o de ve\u00edculos cresceu 6,8% em maio na compara\u00e7\u00e3o com o mesmo m\u00eas de 2021, segundo balan\u00e7o divulgado\u00a0hoje\u00a0(7) pela Associa\u00e7\u00e3o Nacional de Fabricantes de Ve\u00edculos Automotores (Anfavea). Foram fabricadas em maio deste ano 205,9 mil unidades, o que tamb\u00e9m representa um aumento de 10,7% em rela\u00e7\u00e3o a abril. No acumulado\u00a0de janeiro\u00a0a maio foram produzidos [&hellip;]<\/p>\n","protected":false},"author":246,"featured_media":199989,"comment_status":"closed","ping_status":"closed","sticky":false,"template":"","format":"standard","meta":{"footnotes":""},"categories":[436,261,439],"tags":[],"class_list":["post-199988","post","type-post","status-publish","format-standard","has-post-thumbnail","hentry","category-destaque-da-semana","category-economia","category-ultima-hora"],"_links":{"self":[{"href":"https:\/\/diarioregionaldigital.com.br\/index.php?rest_route=\/wp\/v2\/posts\/199988","targetHints":{"allow":["GET"]}}],"collection":[{"href":"https:\/\/diarioregionaldigital.com.br\/index.php?rest_route=\/wp\/v2\/posts"}],"about":[{"href":"https:\/\/diarioregionaldigital.com.br\/index.php?rest_route=\/wp\/v2\/types\/post"}],"author":[{"embeddable":true,"href":"https:\/\/diarioregionaldigital.com.br\/index.php?rest_route=\/wp\/v2\/users\/246"}],"replies":[{"embeddable":true,"href":"https:\/\/diarioregionaldigital.com.br\/index.php?rest_route=%2Fwp%2Fv2%2Fcomments&post=199988"}],"version-history":[{"count":1,"href":"https:\/\/diarioregionaldigital.com.br\/index.php?rest_route=\/wp\/v2\/posts\/199988\/revisions"}],"predecessor-version":[{"id":199990,"href":"https:\/\/diarioregionaldigital.com.br\/index.php?rest_route=\/wp\/v2\/posts\/199988\/revisions\/199990"}],"wp:featuredmedia":[{"embeddable":true,"href":"https:\/\/diarioregionaldigital.com.br\/index.php?rest_route=\/wp\/v2\/media\/199989"}],"wp:attachment":[{"href":"https:\/\/diarioregionaldigital.com.br\/index.php?rest_route=%2Fwp%2Fv2%2Fmedia&parent=199988"}],"wp:term":[{"taxonomy":"category","embeddable":true,"href":"https:\/\/diarioregionaldigital.com.br\/index.php?rest_route=%2Fwp%2Fv2%2Fcategories&post=199988"},{"taxonomy":"post_tag","embeddable":true,"href":"https:\/\/diarioregionaldigital.com.br\/index.php?rest_route=%2Fwp%2Fv2%2Ftags&post=199988"}],"curies":[{"name":"wp","href":"https:\/\/api.w.org\/{rel}","templated":true}]}}