{"id":199985,"date":"2022-06-07T17:47:26","date_gmt":"2022-06-07T20:47:26","guid":{"rendered":"https:\/\/diarioregionaldigital.com.br\/?p=199985"},"modified":"2022-06-07T17:47:26","modified_gmt":"2022-06-07T20:47:26","slug":"alugueis-residenciais-sobem-059-em-maio-deste-ano","status":"publish","type":"post","link":"https:\/\/diarioregionaldigital.com.br\/?p=199985","title":{"rendered":"Alugu\u00e9is residenciais sobem 0,59% em maio deste ano"},"content":{"rendered":"<p>O\u00a0\u00cdndice de Varia\u00e7\u00e3o de Alugu\u00e9is Residenciais (Ivar), calculado pela Funda\u00e7\u00e3o Getulio Vargas (FGV), registrou alta de 0,59% em maio deste ano. A taxa \u00e9 inferior ao 0,82% observado no m\u00eas anterior.<img decoding=\"async\" src=\"https:\/\/agenciabrasil.ebc.com.br\/ebc.png?id=1464102&amp;o=node\" \/><img decoding=\"async\" src=\"https:\/\/agenciabrasil.ebc.com.br\/ebc.gif?id=1464102&amp;o=node\" \/><\/p>\n<p>Segundo a FGV, o \u00edndice acumula varia\u00e7\u00e3o de 8,83% em 12 meses, a maior taxa desde o in\u00edcio da s\u00e9rie hist\u00f3rica, em janeiro de 2019.<\/p>\n<p>Em maio, a \u00fanica cidade a apresentar queda na varia\u00e7\u00e3o m\u00e9dia do aluguel residencial foi S\u00e3o Paulo (-0,26%). No m\u00eas anterior, a capital paulista havia tido infla\u00e7\u00e3o de 1,27%.<\/p>\n<p>As outras tr\u00eas cidades apresentaram infla\u00e7\u00e3o em maio e taxas mais altas do que as observadas no m\u00eas anterior: Rio\u00a0de Janeiro\u00a0(1,31% em maio ante uma taxa de 0,31% no m\u00eas anterior), Belo Horizonte (1,97% em maio ante -0,07% em abril) e Porto Alegre (0,87% em maio ante 0,82% em abril).<\/p>\n<p>Na varia\u00e7\u00e3o anual, tr\u00eas das quatro cidades tiveram alta na taxa de infla\u00e7\u00e3o\u00a0de abril\u00a0para maio: Rio\u00a0de Janeiro\u00a0(de 8,70% para 10,33%), Belo Horizonte (de 14,87% para 15,96%) e Porto Alegre (de 7,17% para 8,06%). Em S\u00e3o Paulo, a taxa caiu de 6,54% para 6,49%.<\/p>\n<p><span style=\"font-weight: 400;\"><br \/>\n<\/span><span style=\"font-weight: 400;\">Fonte: Ag\u00eancia Brasil <\/span><\/p>\n","protected":false},"excerpt":{"rendered":"<p>O\u00a0\u00cdndice de Varia\u00e7\u00e3o de Alugu\u00e9is Residenciais (Ivar), calculado pela Funda\u00e7\u00e3o Getulio Vargas (FGV), registrou alta de 0,59% em maio deste ano. A taxa \u00e9 inferior ao 0,82% observado no m\u00eas anterior. Segundo a FGV, o \u00edndice acumula varia\u00e7\u00e3o de 8,83% em 12 meses, a maior taxa desde o in\u00edcio da s\u00e9rie hist\u00f3rica, em janeiro de [&hellip;]<\/p>\n","protected":false},"author":246,"featured_media":199986,"comment_status":"closed","ping_status":"closed","sticky":false,"template":"","format":"standard","meta":{"footnotes":""},"categories":[436,440,261,439],"tags":[],"class_list":["post-199985","post","type-post","status-publish","format-standard","has-post-thumbnail","hentry","category-destaque-da-semana","category-destaques-do-dia","category-economia","category-ultima-hora"],"_links":{"self":[{"href":"https:\/\/diarioregionaldigital.com.br\/index.php?rest_route=\/wp\/v2\/posts\/199985","targetHints":{"allow":["GET"]}}],"collection":[{"href":"https:\/\/diarioregionaldigital.com.br\/index.php?rest_route=\/wp\/v2\/posts"}],"about":[{"href":"https:\/\/diarioregionaldigital.com.br\/index.php?rest_route=\/wp\/v2\/types\/post"}],"author":[{"embeddable":true,"href":"https:\/\/diarioregionaldigital.com.br\/index.php?rest_route=\/wp\/v2\/users\/246"}],"replies":[{"embeddable":true,"href":"https:\/\/diarioregionaldigital.com.br\/index.php?rest_route=%2Fwp%2Fv2%2Fcomments&post=199985"}],"version-history":[{"count":1,"href":"https:\/\/diarioregionaldigital.com.br\/index.php?rest_route=\/wp\/v2\/posts\/199985\/revisions"}],"predecessor-version":[{"id":199987,"href":"https:\/\/diarioregionaldigital.com.br\/index.php?rest_route=\/wp\/v2\/posts\/199985\/revisions\/199987"}],"wp:featuredmedia":[{"embeddable":true,"href":"https:\/\/diarioregionaldigital.com.br\/index.php?rest_route=\/wp\/v2\/media\/199986"}],"wp:attachment":[{"href":"https:\/\/diarioregionaldigital.com.br\/index.php?rest_route=%2Fwp%2Fv2%2Fmedia&parent=199985"}],"wp:term":[{"taxonomy":"category","embeddable":true,"href":"https:\/\/diarioregionaldigital.com.br\/index.php?rest_route=%2Fwp%2Fv2%2Fcategories&post=199985"},{"taxonomy":"post_tag","embeddable":true,"href":"https:\/\/diarioregionaldigital.com.br\/index.php?rest_route=%2Fwp%2Fv2%2Ftags&post=199985"}],"curies":[{"name":"wp","href":"https:\/\/api.w.org\/{rel}","templated":true}]}}