{"id":199973,"date":"2022-06-06T18:36:06","date_gmt":"2022-06-06T21:36:06","guid":{"rendered":"https:\/\/diarioregionaldigital.com.br\/?p=199973"},"modified":"2022-06-06T18:36:06","modified_gmt":"2022-06-06T21:36:06","slug":"programa-boniteza-realiza-156-intervencoes-nesta-segunda-6","status":"publish","type":"post","link":"https:\/\/diarioregionaldigital.com.br\/?p=199973","title":{"rendered":"Programa Boniteza realiza 156 interven\u00e7\u00f5es nesta segunda, 6"},"content":{"rendered":"<p>Segundo informa\u00e7\u00f5es do site da Prefeitura de Juiz de Fora (PJF), o\u00a0Programa Boniteza da Prefeitura de Juiz de Fora (PJF) opera em 156 interven\u00e7\u00f5es nesta segunda-feira, 6.<\/p>\n<p>&nbsp;<\/p>\n<p><strong>Obras<\/strong><\/p>\n<p>&nbsp;<\/p>\n<p>Os Departamentos de Opera\u00e7\u00e3o e Manuten\u00e7\u00e3o em Obras (Domo) e de Estradas Vicinais da Secretaria de Obras t\u00eam previstas 14 a\u00e7\u00f5es.<\/p>\n<p>&nbsp;<\/p>\n<p>Interven\u00e7\u00f5es em continuidade:<\/p>\n<p>&nbsp;<\/p>\n<p>&#8211; Constru\u00e7\u00e3o de rede &#8211; Rua Fernando Lamarca &#8211; Distrito Industrial<\/p>\n<p>&#8211; Constru\u00e7\u00e3o de bueiro &#8211; Estrada da Varginha &#8211; Paula Lima<\/p>\n<p>&#8211; Obras complementares &#8211; Rua da Mina &#8211; Bonfim<\/p>\n<p>&#8211; Reparo em escad\u00e3o &#8211; Rua Vit\u00f3rio Sagioro &#8211; Centen\u00e1rio<\/p>\n<p>&#8211; Remo\u00e7\u00e3o de piso concretado e execu\u00e7\u00e3o de base &#8211; Dep\u00f3sito da Demlurb &#8211; Benfica<\/p>\n<p>&#8211; Reparo em cal\u00e7amento de pedra portuguesa &#8211; Rua Marechal Deodoro &#8211; Centro<\/p>\n<p>&#8211; Encabe\u00e7amento de bueiro &#8211; Estrada da Mandioca- Ros\u00e1rio de Minas<\/p>\n<p>&#8211; Patrolamento &#8211; Estrada de Pirapetinga &#8211; Pirapetinga<\/p>\n<p>&nbsp;<\/p>\n<p>Novas interven\u00e7\u00f5es:<\/p>\n<p>&nbsp;<\/p>\n<p>&#8211; Execu\u00e7\u00e3o de meio fio &#8211; Estrada do Caet\u00e9 &#8211; Caet\u00e9<\/p>\n<p>&#8211; Patrolamento &#8211; Estrada do limoeiro<\/p>\n<p>&#8211; Patrolamento &#8211; Estrada morro do sab\u00e3o &#8211; Humait\u00e1<\/p>\n<p>&#8211; Patrolamento &#8211; Estrada do pe\u00e3o sentido a Jacutinga- Torre\u00f5es<\/p>\n<p>&#8211; Transporte de serragem da serraria para atender torneio leiteiro de Humait\u00e1<\/p>\n<p>&#8211; Corre\u00e7\u00e3o de eros\u00e3o em galeria de \u00e1gua pluvial &#8211; Rua Nair de Castro Cunha &#8211; Cascatinha<\/p>\n<p>&nbsp;<\/p>\n<p><strong>Ilumina\u00e7\u00e3o P\u00fablica<\/strong><\/p>\n<p>&nbsp;<\/p>\n<p>O departamento de Ilumina\u00e7\u00e3o P\u00fablica da PJF d\u00e1 continuidade \u00e0s a\u00e7\u00f5es com a previs\u00e3o de trocas de 142 l\u00e2mpadas em todas as regi\u00f5es.<\/p>\n<p>&nbsp;<\/p>\n<p><strong>Graminha<\/strong><\/p>\n<p>Rua Jos\u00e9 De Alencar Medeiros<\/p>\n<p>Avenida Joaquim Vicente Guedes<\/p>\n<p><strong>Santa Luzia<\/strong><\/p>\n<p>Avenida Ibitiguaia<\/p>\n<p>Rua Ch\u00e1cara<\/p>\n<p>Rua Victor Spagnolo<\/p>\n<p>Rua Francisco Altomar<\/p>\n<p>Rua Jos\u00e9 Nunes Leal<\/p>\n<p>Rua Porto Das Flores<\/p>\n<p><strong>Bela Aurora<\/strong><\/p>\n<p>Rua Ol\u00edvia Moreira<\/p>\n<p>Rua Jandira Limp Pinheiro<\/p>\n<p><strong>Jardim De Ala<\/strong><\/p>\n<p>Orlanda Fortine Arcuri<\/p>\n<p><strong>Santa Efig\u00eania<\/strong><\/p>\n<p>Rua Francisco Stefani<\/p>\n<p><strong>Ipiranga<\/strong><\/p>\n<p>Rua Lic\u00ednio Pereira Cortes<\/p>\n<p><strong>Previdenci\u00e1rios<\/strong><\/p>\n<p>Cond. Fazendinhas Do Ipiranga Estrada 8<\/p>\n<p>Cond. Fazendinhas Do Ipiranga Estrada 1<\/p>\n<p><strong>Jardim Ga\u00facho<\/strong><\/p>\n<p>Rua Doutor Jos\u00e9 Lanziotti<\/p>\n<p><strong>Cruzeiro Do Sul<\/strong><\/p>\n<p>Rua Jos\u00e9 Orozimbo De Oliveira<\/p>\n<p><strong>Cidade Nova<\/strong><\/p>\n<p>Rua Geraldo Jose Da Silva<\/p>\n<p><strong>Sagrado Cora\u00e7\u00e3o De Jesus<\/strong><\/p>\n<p>Rua Projetada 4<\/p>\n<p><strong>Novo Horizonte<\/strong><\/p>\n<p>Rua Da Serra<\/p>\n<p>Rua Dr Nelson Lougon<\/p>\n<p>Rua Das Rosas<\/p>\n<p>Rua Helena Teixeira De Carvalho<\/p>\n<p><strong>Villaggio Da Serra<\/strong><\/p>\n<p>Rua Das Quaresmeiras<\/p>\n<p><strong>S\u00e3o Pedro<\/strong><\/p>\n<p>Rua Edson Zaghetto Magacho<\/p>\n<p>Avenida Presidente Costa E Silva<\/p>\n<p>Rua \u00c2ngela Maria De Jesus<\/p>\n<p>Avenida Senhor Dos Passos<\/p>\n<p>Rua Raphael Vargas<\/p>\n<p>Rua Jos\u00e9 Louren\u00e7o<\/p>\n<p>Rua Arthur Peterson<\/p>\n<p><strong>Santos Dumont<\/strong><\/p>\n<p>Rua Professor Jos\u00e9 Vila Bolcadas<\/p>\n<p><strong>Maril\u00e2ndia<\/strong><\/p>\n<p>Rua Doutor Ivan Dias Raimundo<\/p>\n<p>Rua Doutor Roberto Medeiros<\/p>\n<p><strong>Itatiaia<\/strong><\/p>\n<p>Avenida Presidente Costa E Silva<\/p>\n<p><strong>Aeroporto<\/strong><\/p>\n<p>Rua A<\/p>\n<p><strong>Borboleta<\/strong><\/p>\n<p>Rua Jos\u00e9 Louren\u00e7o<\/p>\n<p>Rua Fernandes Dias<\/p>\n<p><strong>Alto Dos Pinheiros<\/strong><\/p>\n<p>Rua Deputado Manoel Giovannini<\/p>\n<p>Adolfo Vireque<\/p>\n<p>Rua Jos\u00e9 Louren\u00e7o<\/p>\n<p><strong>Neo Residencial<\/strong><\/p>\n<p>Alameda 1<\/p>\n<p>Alameda 30<\/p>\n<p>Alameda 32<\/p>\n<p>Jardins Imperiais<\/p>\n<p>Rua Doutor Guilherme Moutinho<\/p>\n<p><strong>Jardim Gl\u00f3ria<\/strong><\/p>\n<p>Alameda Engenheiro Gentil Forn<\/p>\n<p><strong>Benfica<\/strong><\/p>\n<p>Rua Diogo \u00c1lvares<\/p>\n<p>Rua Dona Maria Catarina Barbosa<\/p>\n<p>Avenida Afonso Garcia<\/p>\n<p>Rua Afonso Garcia<\/p>\n<p>Rua Dos Guararapes<\/p>\n<p>Rua Evaristo Da Veiga<\/p>\n<p>Avenida In\u00eas Garcia<\/p>\n<p>Rua Pedro Gomes Dos Reis<\/p>\n<p>Rua Martins Barbosa<\/p>\n<p>Rua Marilia<\/p>\n<p>Travessa Nadir Nazareth<\/p>\n<p>Rua Fel\u00edcio Lima<\/p>\n<p><strong>Cachoeira<\/strong><\/p>\n<p>Rua Jose Dos Anjos<\/p>\n<p><strong>Carlos Chagas<\/strong><\/p>\n<p>Rua Helena Bittencurt<\/p>\n<p>Rua Jos\u00e9 De Almeida Portes<\/p>\n<p>Rua Eunice Weaver<\/p>\n<p><strong>Santa Maria<\/strong><\/p>\n<p>Rua Onofre Oliveira Salles<\/p>\n<p><strong>Sao Judas Tadeu<\/strong><\/p>\n<p>Rua Luiz Vilane<\/p>\n<p><strong>Jardim Dos Alfineiros<\/strong><\/p>\n<p>Rua Val\u00e9ria Bastos Muniz Rosa<\/p>\n<p><strong>Filgueiras<\/strong><\/p>\n<p>Rua Ver\u00f4nica Freguglia<\/p>\n<p>Rua Jos\u00e9 Pitta De Castro<\/p>\n<p>Rua Flamboyant Mirim<\/p>\n<p>Rua Estrada I<\/p>\n<p>Estrada Velha De Filgueiras<\/p>\n<p>Rua Das Espirradeiras<\/p>\n<p><strong>Granja Triunfo<\/strong><\/p>\n<p>Rua Ver\u00f4nica Freguglia<\/p>\n<p><strong>Granjas Betania<\/strong><\/p>\n<p>Rua Joaquim Borges Pereira<\/p>\n<p>Rua Avelino Jacob Da Silva<\/p>\n<p><strong>Grama<\/strong><\/p>\n<p>Rua Verissimo Lopes Guimaraes<\/p>\n<p>Rua Minas Gerais<\/p>\n<p><strong>Eldorado<\/strong><\/p>\n<p>Rua Doutor Sebasti\u00e3o De Andrade<\/p>\n<p>Rua Major Maximiano Campos<\/p>\n<p><strong>Santa Terezinha<\/strong><\/p>\n<p>Rua Santa Terezinha<\/p>\n<p>Rua Ouro Preto<\/p>\n<p>Rua Jos\u00e9 Eutr\u00f3pio<\/p>\n<p><strong>Quintas Das Avenidas<\/strong><\/p>\n<p>Rua General Alberto De Matos<\/p>\n<p><strong>Terras Do Comendador<\/strong><\/p>\n<p>Rua Jacarand\u00e1 Branco<\/p>\n<p>Rua Jequitib\u00e1 Mimoso<\/p>\n<p>Rua Urucum<\/p>\n<p><strong>Bandeirantes<\/strong><\/p>\n<p>Rua Doutor Jo\u00e3o Camilo De Oliveira Torres<\/p>\n<p>Rua Laurindo Nocelli<\/p>\n<p>Rua Jos\u00e9 Lib\u00e2nio Rodrigues<\/p>\n<p><strong>Nossa Senhora Das Gra\u00e7as<\/strong><\/p>\n<p>Rua Joaquim Jos\u00e9 Da Rocha<\/p>\n<p><strong>Quintas Da Avenida<\/strong><\/p>\n<p>Rua Leandro Batista Leite<\/p>\n<p>Rua Sebasti\u00e3o Lelis Muniz<\/p>\n<p>Rua Aladir Soares Silva<\/p>\n<p>Rua General Alberto De Matos<\/p>\n<p><strong>Recanto Dos Lagos<\/strong><\/p>\n<p>Rua Senhor Am\u00e9rico Mozzato<\/p>\n<p><strong>Manoel Hon\u00f3rio<\/strong><\/p>\n<p>Avenida Bar\u00e3o Do Rio Branco<\/p>\n<p><strong>Mundo Novo<\/strong><\/p>\n<p>Rua Dr Luiz Antonio Vieira Pena<\/p>\n<p>Rua Pedro Boti<\/p>\n<p><strong>Centro<\/strong><\/p>\n<p>Avenida Presidente Itamar Franco<\/p>\n<p><strong>Santa Catarina<\/strong><\/p>\n<p>Rua Uruguaiana<\/p>\n<p><strong>Bom Pastor<\/strong><\/p>\n<p>Rua Doutor Jos\u00e9 Batista De Oliveira<\/p>\n<p><strong>Santa Cec\u00edlia<\/strong><\/p>\n<p>Rua Maria Am\u00e9lia<\/p>\n<p>Travessa Claudionor Barbosa Silva<\/p>\n<p><strong>Mariano Proc\u00f3pio<\/strong><\/p>\n<p>Avenida Brasil<\/p>\n<p>&nbsp;<\/p>\n<p><strong>Gabinete de A\u00e7\u00e3o e Di\u00e1logo Comunit\u00e1rio<\/strong><\/p>\n<p>As a\u00e7\u00f5es da Secretaria de Obras s\u00e3o realizadas atrav\u00e9s do Gabinete de A\u00e7\u00e3o e Di\u00e1logo Comunit\u00e1rio, que recebe demandas de melhorias urbanas pelo n\u00famero (32) 3690-7241, por liga\u00e7\u00e3o ou WhatsApp.<\/p>\n<p>No\u00a0<a href=\"https:\/\/www.pjf.mg.gov.br\/gabinetecomunitario\/\"><strong>site do gabinete<\/strong><\/a>, est\u00e3o dispon\u00edveis informa\u00e7\u00f5es atualizadas\u00a0 diariamente sobre os servi\u00e7os realizados pelas secretarias de Obras (SO); de Sustentabilidade em Meio Ambiente e Atividades Urbanas (Sesmaur); de Mobilidade Urbana (SMU); e pela\u00a0 Empresa Municipal de Pavimenta\u00e7\u00e3o e Urbaniza\u00e7\u00e3o (Empav); Departamento Municipal de Limpeza Urbana (Demlurb); e Companhia de Saneamento Municipal (Cesama).<\/p>\n","protected":false},"excerpt":{"rendered":"<p>Segundo informa\u00e7\u00f5es do site da Prefeitura de Juiz de Fora (PJF), o\u00a0Programa Boniteza da Prefeitura de Juiz de Fora (PJF) opera em 156 interven\u00e7\u00f5es nesta segunda-feira, 6. &nbsp; Obras &nbsp; Os Departamentos de Opera\u00e7\u00e3o e Manuten\u00e7\u00e3o em Obras (Domo) e de Estradas Vicinais da Secretaria de Obras t\u00eam previstas 14 a\u00e7\u00f5es. &nbsp; Interven\u00e7\u00f5es em continuidade: [&hellip;]<\/p>\n","protected":false},"author":246,"featured_media":199974,"comment_status":"closed","ping_status":"closed","sticky":false,"template":"","format":"standard","meta":{"footnotes":""},"categories":[253,436,439],"tags":[],"class_list":["post-199973","post","type-post","status-publish","format-standard","has-post-thumbnail","hentry","category-cidade","category-destaque-da-semana","category-ultima-hora"],"_links":{"self":[{"href":"https:\/\/diarioregionaldigital.com.br\/index.php?rest_route=\/wp\/v2\/posts\/199973","targetHints":{"allow":["GET"]}}],"collection":[{"href":"https:\/\/diarioregionaldigital.com.br\/index.php?rest_route=\/wp\/v2\/posts"}],"about":[{"href":"https:\/\/diarioregionaldigital.com.br\/index.php?rest_route=\/wp\/v2\/types\/post"}],"author":[{"embeddable":true,"href":"https:\/\/diarioregionaldigital.com.br\/index.php?rest_route=\/wp\/v2\/users\/246"}],"replies":[{"embeddable":true,"href":"https:\/\/diarioregionaldigital.com.br\/index.php?rest_route=%2Fwp%2Fv2%2Fcomments&post=199973"}],"version-history":[{"count":1,"href":"https:\/\/diarioregionaldigital.com.br\/index.php?rest_route=\/wp\/v2\/posts\/199973\/revisions"}],"predecessor-version":[{"id":199975,"href":"https:\/\/diarioregionaldigital.com.br\/index.php?rest_route=\/wp\/v2\/posts\/199973\/revisions\/199975"}],"wp:featuredmedia":[{"embeddable":true,"href":"https:\/\/diarioregionaldigital.com.br\/index.php?rest_route=\/wp\/v2\/media\/199974"}],"wp:attachment":[{"href":"https:\/\/diarioregionaldigital.com.br\/index.php?rest_route=%2Fwp%2Fv2%2Fmedia&parent=199973"}],"wp:term":[{"taxonomy":"category","embeddable":true,"href":"https:\/\/diarioregionaldigital.com.br\/index.php?rest_route=%2Fwp%2Fv2%2Fcategories&post=199973"},{"taxonomy":"post_tag","embeddable":true,"href":"https:\/\/diarioregionaldigital.com.br\/index.php?rest_route=%2Fwp%2Fv2%2Ftags&post=199973"}],"curies":[{"name":"wp","href":"https:\/\/api.w.org\/{rel}","templated":true}]}}