{"id":199969,"date":"2022-06-06T18:33:11","date_gmt":"2022-06-06T21:33:11","guid":{"rendered":"https:\/\/diarioregionaldigital.com.br\/?p=199969"},"modified":"2022-06-06T18:33:11","modified_gmt":"2022-06-06T21:33:11","slug":"juiz-de-fora-gerou-418-empregos-de-carteira-assinada-em-abril","status":"publish","type":"post","link":"https:\/\/diarioregionaldigital.com.br\/?p=199969","title":{"rendered":"Juiz de Fora gerou 418 empregos de carteira assinada em abril"},"content":{"rendered":"<p>Segundo informa\u00e7\u00f5es do site da Prefeitura de Juiz de Fora (PJF), um total de 418 novos postos de trabalho foram criados em Juiz de Fora, em abril de 2022. O resultado do Cadastro Geral de Empregados e Desempregados (Caged) foi divulgado nesta segunda-feira, 6, pelo Minist\u00e9rio da Economia. O saldo positivo \u00e9 resultado do total de 5230 admiss\u00f5es e 4812 desligamentos realizados no per\u00edodo. O estoque &#8211; total de v\u00ednculos celetistas &#8211; fechou o m\u00eas em 136.639, aumento de 0,21% em rela\u00e7\u00e3o ao m\u00eas de mar\u00e7o. No ano, a cidade gerou um saldo de 918 empregos na cidade.<\/p>\n<p>Em abril, o resultado positivo foi impulsionado pelo setor de Servi\u00e7os, no qual foram criados 241 empregos, a maior parte de trabalhadores dos servi\u00e7os, vendedores do com\u00e9rcio em lojas e mercados (377 postos). Com\u00e9rcio e Ind\u00fastria tamb\u00e9m tiveram saldos positivos, de 156 e 85 postos, respectivamente. J\u00e1 na Constru\u00e7\u00e3o Civil, as demiss\u00f5es superaram as contrata\u00e7\u00f5es, gerando saldo de -60 postos. Na Agropecu\u00e1ria, as demiss\u00f5es tamb\u00e9m superaram as contrata\u00e7\u00f5es em quatro postos.<\/p>\n<p>No estoque de Juiz de Fora, a maioria dos v\u00ednculos de carteira assinada s\u00e3o do setor de Servi\u00e7os (76.859); seguido por Com\u00e9rcio (32.130); Ind\u00fastria (18.737); Constru\u00e7\u00e3o Civil (7.935) e Agropecu\u00e1ria (978). Do saldo gerado em abril, a maior parte dos postos foram ocupados dos mulheres (312). Um total de 347 profissionais empregados possuem Ensino M\u00e9dio completo (347).<\/p>\n<p><strong>Minas e Brasil<\/strong><\/p>\n<p>Em abril, Minas Gerais teve saldo positivo de 20.059 empregos gerados e o total de v\u00ednculos celetistas chegou a 4.885.385. J\u00e1 no Brasil, o resultado no m\u00eas foi de 196.966 novos postos. O estoque \u00e9 de 41.448.948.<\/p>\n<p>Para o secret\u00e1rio de Desenvolvimento Sustent\u00e1vel e Inclusivo, da Inova\u00e7\u00e3o e Competitividade (Sedic), Ignacio Delgado, a\u00e7\u00f5es recentes na atra\u00e7\u00e3o de investimentos, est\u00edmulo a eventos e acelera\u00e7\u00e3o da aprova\u00e7\u00e3o de novos empreendimentos devem indicar n\u00fameros mais elevados em maio. Todavia, \u00e9 preciso trabalhar para transformar a estrutura produtiva da cidade, com a germina\u00e7\u00e3o e fortalecimento de atividades intensivas em tecnologia e a aproxima\u00e7\u00e3o da rede de ensino e pesquisa de Juiz de Fora, que tem destaque nacional, com os empreendimentos econ\u00f4micos. \u201cIsso \u00e9 indispens\u00e1vel para mudar a configura\u00e7\u00e3o econ\u00f4mica de Juiz de Fora, garantir a eleva\u00e7\u00e3o de empregos de qualidade e a dinamiza\u00e7\u00e3o de segmentos que podem se beneficiar dessa transforma\u00e7\u00e3o, como a \u00e1rea de Tecnologia da Informa\u00e7\u00e3o e Comunica\u00e7\u00e3o. Esse \u00e9 o centro do Plano de Desenvolvimento Sustent\u00e1vel e Inclusivo\u201d, destaca.<\/p>\n","protected":false},"excerpt":{"rendered":"<p>Segundo informa\u00e7\u00f5es do site da Prefeitura de Juiz de Fora (PJF), um total de 418 novos postos de trabalho foram criados em Juiz de Fora, em abril de 2022. O resultado do Cadastro Geral de Empregados e Desempregados (Caged) foi divulgado nesta segunda-feira, 6, pelo Minist\u00e9rio da Economia. O saldo positivo \u00e9 resultado do total [&hellip;]<\/p>\n","protected":false},"author":246,"featured_media":199971,"comment_status":"closed","ping_status":"closed","sticky":false,"template":"","format":"standard","meta":{"footnotes":""},"categories":[253,436,439],"tags":[],"class_list":["post-199969","post","type-post","status-publish","format-standard","has-post-thumbnail","hentry","category-cidade","category-destaque-da-semana","category-ultima-hora"],"_links":{"self":[{"href":"https:\/\/diarioregionaldigital.com.br\/index.php?rest_route=\/wp\/v2\/posts\/199969","targetHints":{"allow":["GET"]}}],"collection":[{"href":"https:\/\/diarioregionaldigital.com.br\/index.php?rest_route=\/wp\/v2\/posts"}],"about":[{"href":"https:\/\/diarioregionaldigital.com.br\/index.php?rest_route=\/wp\/v2\/types\/post"}],"author":[{"embeddable":true,"href":"https:\/\/diarioregionaldigital.com.br\/index.php?rest_route=\/wp\/v2\/users\/246"}],"replies":[{"embeddable":true,"href":"https:\/\/diarioregionaldigital.com.br\/index.php?rest_route=%2Fwp%2Fv2%2Fcomments&post=199969"}],"version-history":[{"count":1,"href":"https:\/\/diarioregionaldigital.com.br\/index.php?rest_route=\/wp\/v2\/posts\/199969\/revisions"}],"predecessor-version":[{"id":199972,"href":"https:\/\/diarioregionaldigital.com.br\/index.php?rest_route=\/wp\/v2\/posts\/199969\/revisions\/199972"}],"wp:featuredmedia":[{"embeddable":true,"href":"https:\/\/diarioregionaldigital.com.br\/index.php?rest_route=\/wp\/v2\/media\/199971"}],"wp:attachment":[{"href":"https:\/\/diarioregionaldigital.com.br\/index.php?rest_route=%2Fwp%2Fv2%2Fmedia&parent=199969"}],"wp:term":[{"taxonomy":"category","embeddable":true,"href":"https:\/\/diarioregionaldigital.com.br\/index.php?rest_route=%2Fwp%2Fv2%2Fcategories&post=199969"},{"taxonomy":"post_tag","embeddable":true,"href":"https:\/\/diarioregionaldigital.com.br\/index.php?rest_route=%2Fwp%2Fv2%2Ftags&post=199969"}],"curies":[{"name":"wp","href":"https:\/\/api.w.org\/{rel}","templated":true}]}}