{"id":199965,"date":"2022-06-06T18:31:19","date_gmt":"2022-06-06T21:31:19","guid":{"rendered":"https:\/\/diarioregionaldigital.com.br\/?p=199965"},"modified":"2022-06-06T18:31:19","modified_gmt":"2022-06-06T21:31:19","slug":"em-seis-meses-pjf-realiza-mais-de-150-atendimentos-em-pracas-com-servicos-de-limpeza-e-poda-de-grama","status":"publish","type":"post","link":"https:\/\/diarioregionaldigital.com.br\/?p=199965","title":{"rendered":"Em seis meses, PJF realiza mais de 150 atendimentos em pra\u00e7as com servi\u00e7os de limpeza e poda de grama"},"content":{"rendered":"<p>Segundo informa\u00e7\u00f5es do site da Prefeitura de Juiz de Fora (PJF), nos seis primeiros meses de 2022, o Programa Boniteza da Prefeitura de Juiz de Fora (PJF) j\u00e1 realizou cerca de 268 atendimentos relacionados aos servi\u00e7os de limpeza e poda de grama, sendo 157 em pra\u00e7as do munic\u00edpio. Se comparado ao mesmo per\u00edodo do ano passado, houve um aumento de mais de 50%, j\u00e1 que, entre janeiro e junho de 2021, foram realizados 178 atendimentos, sendo 105 em pra\u00e7as.<\/p>\n<p>No que diz respeito \u00e0s podas de \u00e1rvores, o aumento \u00e9 ainda mais expressivo. Nos seis primeiros meses de 2021, foram realizadas 444 interven\u00e7\u00f5es em \u00e1rvores em \u00e1reas p\u00fablicas. At\u00e9 o momento, 787 \u00e1rvores receberam manuten\u00e7\u00e3o com podas (simples ou dr\u00e1sticas), o que significa um crescimento de mais de 77% no n\u00famero de atendimentos.<\/p>\n<p>O diretor-presidente da Empresa Municipal de Pavimenta\u00e7\u00e3o e Urbanidades (Empav), Richard Tavares, destaca a expans\u00e3o das equipes como um dos fatores essenciais para os aumentos registrados. \u201cN\u00f3s temos um compromisso assumido que \u00e9 cuidar melhor de Juiz de Fora, tornando a cidade mais atrativa e melhor para se viver, e seguimos nisso. Em abril multiplicamos as equipes que cuidam das pra\u00e7as, canteiros e jardins do munic\u00edpio, e os resultados v\u00e3o al\u00e9m dos n\u00fameros\u201d, enfatiza Richard, ressaltando os efeitos do empenho da gest\u00e3o com a cidade: \u201cAl\u00e9m dos trabalhos que v\u00eam sendo realizados nos bairros, as mudan\u00e7as podem ser percebidas bem no centro de Juiz de Fora, com a avenida Rio Branco bem cuidada e a Itamar Franco em processo de revitaliza\u00e7\u00e3o de toda a sua extens\u00e3o\u201d, completa.<\/p>\n<p><strong>Novas cores e novas flores<\/strong><\/p>\n<p>Quem transita pelas avenidas de Juiz de Fora j\u00e1 deve ter notado a diferen\u00e7a nos canteiros centrais. Como evidenciou o diretor-presidente da Empav, Richard Tavares, os cuidados com as \u00e1reas verdes se fazem presentes nas principais vias de acesso da cidade, como nas avenidas Rio Branco, Juscelino Kubitschek, Deusdedith Salgado e Paulo Japiassu Coelho, que seguem recebendo os trabalhos de limpeza, poda de grama e de \u00e1rvores.<\/p>\n<p>Outra grande via que segue recebendo os cuidados da Empav \u00e9 a Itamar Franco. Por l\u00e1, al\u00e9m dos j\u00e1 citados trabalhos de limpeza e podas, est\u00e1 em andamento a revitaliza\u00e7\u00e3o completa do canteiro central, com manuten\u00e7\u00e3o das pedras portuguesas que comp\u00f5em o cal\u00e7amento, caia\u00e7\u00e3o e pintura das guias e dos meios-fios, reforma dos vasos e renova\u00e7\u00e3o das plantas e flores.<\/p>\n<p>Todas as a\u00e7\u00f5es executadas pela Empav fazem parte do Programa Boniteza, idealizado e coordenado pela Secretaria de Governo (SG). programa\u00e7\u00e3o di\u00e1ria das atividades realizadas pela Empav pode ser acompanhada atrav\u00e9s da p\u00e1gina do Gabinete de A\u00e7\u00e3o e Di\u00e1logo Comunit\u00e1rio, pelo<a href=\"https:\/\/www.pjf.mg.gov.br\/gabinetecomunitario\/#onde\">\u00a0link<\/a>.<\/p>\n","protected":false},"excerpt":{"rendered":"<p>Segundo informa\u00e7\u00f5es do site da Prefeitura de Juiz de Fora (PJF), nos seis primeiros meses de 2022, o Programa Boniteza da Prefeitura de Juiz de Fora (PJF) j\u00e1 realizou cerca de 268 atendimentos relacionados aos servi\u00e7os de limpeza e poda de grama, sendo 157 em pra\u00e7as do munic\u00edpio. Se comparado ao mesmo per\u00edodo do ano [&hellip;]<\/p>\n","protected":false},"author":246,"featured_media":199966,"comment_status":"closed","ping_status":"closed","sticky":false,"template":"","format":"standard","meta":{"footnotes":""},"categories":[253,436,439],"tags":[],"class_list":["post-199965","post","type-post","status-publish","format-standard","has-post-thumbnail","hentry","category-cidade","category-destaque-da-semana","category-ultima-hora"],"_links":{"self":[{"href":"https:\/\/diarioregionaldigital.com.br\/index.php?rest_route=\/wp\/v2\/posts\/199965","targetHints":{"allow":["GET"]}}],"collection":[{"href":"https:\/\/diarioregionaldigital.com.br\/index.php?rest_route=\/wp\/v2\/posts"}],"about":[{"href":"https:\/\/diarioregionaldigital.com.br\/index.php?rest_route=\/wp\/v2\/types\/post"}],"author":[{"embeddable":true,"href":"https:\/\/diarioregionaldigital.com.br\/index.php?rest_route=\/wp\/v2\/users\/246"}],"replies":[{"embeddable":true,"href":"https:\/\/diarioregionaldigital.com.br\/index.php?rest_route=%2Fwp%2Fv2%2Fcomments&post=199965"}],"version-history":[{"count":2,"href":"https:\/\/diarioregionaldigital.com.br\/index.php?rest_route=\/wp\/v2\/posts\/199965\/revisions"}],"predecessor-version":[{"id":199968,"href":"https:\/\/diarioregionaldigital.com.br\/index.php?rest_route=\/wp\/v2\/posts\/199965\/revisions\/199968"}],"wp:featuredmedia":[{"embeddable":true,"href":"https:\/\/diarioregionaldigital.com.br\/index.php?rest_route=\/wp\/v2\/media\/199966"}],"wp:attachment":[{"href":"https:\/\/diarioregionaldigital.com.br\/index.php?rest_route=%2Fwp%2Fv2%2Fmedia&parent=199965"}],"wp:term":[{"taxonomy":"category","embeddable":true,"href":"https:\/\/diarioregionaldigital.com.br\/index.php?rest_route=%2Fwp%2Fv2%2Fcategories&post=199965"},{"taxonomy":"post_tag","embeddable":true,"href":"https:\/\/diarioregionaldigital.com.br\/index.php?rest_route=%2Fwp%2Fv2%2Ftags&post=199965"}],"curies":[{"name":"wp","href":"https:\/\/api.w.org\/{rel}","templated":true}]}}