{"id":199962,"date":"2022-06-06T18:28:49","date_gmt":"2022-06-06T21:28:49","guid":{"rendered":"https:\/\/diarioregionaldigital.com.br\/?p=199962"},"modified":"2022-06-06T18:28:49","modified_gmt":"2022-06-06T21:28:49","slug":"prefeitura-indica-como-obrigatorio-o-uso-de-mascaras-em-estabelecimentos-de-ensino-equipamentos-de-saude-transporte-publico-individual-e-funerais","status":"publish","type":"post","link":"https:\/\/diarioregionaldigital.com.br\/?p=199962","title":{"rendered":"Prefeitura indica como obrigat\u00f3rio o uso de m\u00e1scaras em estabelecimentos de ensino, equipamentos de sa\u00fade, transporte p\u00fablico, individual e funerais"},"content":{"rendered":"<p>Segundo informa\u00e7\u00f5es do site da Prefeitura de Juiz de Fora (PJF), ap\u00f3s o crescimento do n\u00famero de casos e de contamina\u00e7\u00f5es por Covid-19, confirmados pelo monitoramento do cen\u00e1rio epidemiol\u00f3gico, a Prefeitura de Juiz de Fora (PJF) retoma a indica\u00e7\u00e3o do uso obrigat\u00f3rio de m\u00e1scaras, a partir da pr\u00f3xima quarta-feira, 8, em estabelecimentos de ensino, equipamentos de sa\u00fade, transporte p\u00fablico, escolar, individual ou por aplicativo, e tamb\u00e9m nos funerais.<\/p>\n<p>A medida de car\u00e1ter excepcional e tempor\u00e1rio foi tomada pela Secretaria de Sa\u00fade (SS) atrav\u00e9s de portaria que entrar\u00e1 em vigor na quarta, 8. Em unidades de sa\u00fade, como cl\u00ednicas, ambulat\u00f3rios e hospitais, todos os profissionais de sa\u00fade, pacientes, acompanhantes e visitantes, devem manter o uso da prote\u00e7\u00e3o durante a perman\u00eancia nos estabelecimentos. O uso das m\u00e1scaras tamb\u00e9m \u00e9 obrigat\u00f3rio nas creches, institui\u00e7\u00f5es de ensino p\u00fablicas e privadas.<\/p>\n<p>Vel\u00f3rios, funerais e of\u00edcios f\u00fanebres, em cemit\u00e9rios p\u00fablicos, de pessoas suspeitas ou diagnosticadas com Covid-19, dever\u00e3o manter a restri\u00e7\u00e3o de cortejo e aglomera\u00e7\u00f5es.<\/p>\n<p>A portaria completa sobre as medidas emergenciais est\u00e1 dispon\u00edvel nesse link.<\/p>\n<p>&nbsp;<\/p>\n<div class=\"texto_anexo\"><img loading=\"lazy\" decoding=\"async\" src=\"https:\/\/www.pjf.mg.gov.br\/imagens\/clips.jpg\" width=\"22\" height=\"20\" \/>\u00a0<a href=\"https:\/\/www.pjf.mg.gov.br\/noticias\/anexo\/PortariamascarasCOVID.pdf\" target=\"_blank\" rel=\"noopener\">Veja o anexo<\/a><\/div>\n","protected":false},"excerpt":{"rendered":"<p>Segundo informa\u00e7\u00f5es do site da Prefeitura de Juiz de Fora (PJF), ap\u00f3s o crescimento do n\u00famero de casos e de contamina\u00e7\u00f5es por Covid-19, confirmados pelo monitoramento do cen\u00e1rio epidemiol\u00f3gico, a Prefeitura de Juiz de Fora (PJF) retoma a indica\u00e7\u00e3o do uso obrigat\u00f3rio de m\u00e1scaras, a partir da pr\u00f3xima quarta-feira, 8, em estabelecimentos de ensino, equipamentos [&hellip;]<\/p>\n","protected":false},"author":246,"featured_media":199963,"comment_status":"closed","ping_status":"closed","sticky":false,"template":"","format":"standard","meta":{"footnotes":""},"categories":[253,436,440,439],"tags":[],"class_list":["post-199962","post","type-post","status-publish","format-standard","has-post-thumbnail","hentry","category-cidade","category-destaque-da-semana","category-destaques-do-dia","category-ultima-hora"],"_links":{"self":[{"href":"https:\/\/diarioregionaldigital.com.br\/index.php?rest_route=\/wp\/v2\/posts\/199962","targetHints":{"allow":["GET"]}}],"collection":[{"href":"https:\/\/diarioregionaldigital.com.br\/index.php?rest_route=\/wp\/v2\/posts"}],"about":[{"href":"https:\/\/diarioregionaldigital.com.br\/index.php?rest_route=\/wp\/v2\/types\/post"}],"author":[{"embeddable":true,"href":"https:\/\/diarioregionaldigital.com.br\/index.php?rest_route=\/wp\/v2\/users\/246"}],"replies":[{"embeddable":true,"href":"https:\/\/diarioregionaldigital.com.br\/index.php?rest_route=%2Fwp%2Fv2%2Fcomments&post=199962"}],"version-history":[{"count":1,"href":"https:\/\/diarioregionaldigital.com.br\/index.php?rest_route=\/wp\/v2\/posts\/199962\/revisions"}],"predecessor-version":[{"id":199964,"href":"https:\/\/diarioregionaldigital.com.br\/index.php?rest_route=\/wp\/v2\/posts\/199962\/revisions\/199964"}],"wp:featuredmedia":[{"embeddable":true,"href":"https:\/\/diarioregionaldigital.com.br\/index.php?rest_route=\/wp\/v2\/media\/199963"}],"wp:attachment":[{"href":"https:\/\/diarioregionaldigital.com.br\/index.php?rest_route=%2Fwp%2Fv2%2Fmedia&parent=199962"}],"wp:term":[{"taxonomy":"category","embeddable":true,"href":"https:\/\/diarioregionaldigital.com.br\/index.php?rest_route=%2Fwp%2Fv2%2Fcategories&post=199962"},{"taxonomy":"post_tag","embeddable":true,"href":"https:\/\/diarioregionaldigital.com.br\/index.php?rest_route=%2Fwp%2Fv2%2Ftags&post=199962"}],"curies":[{"name":"wp","href":"https:\/\/api.w.org\/{rel}","templated":true}]}}