{"id":199959,"date":"2022-06-06T18:22:43","date_gmt":"2022-06-06T21:22:43","guid":{"rendered":"https:\/\/diarioregionaldigital.com.br\/?p=199959"},"modified":"2022-06-06T18:22:43","modified_gmt":"2022-06-06T21:22:43","slug":"fim-de-semana-tem-podio-historico-para-o-brasil-na-ginastica-ritmica","status":"publish","type":"post","link":"https:\/\/diarioregionaldigital.com.br\/?p=199959","title":{"rendered":"Fim de semana tem p\u00f3dio hist\u00f3rico para o Brasil na gin\u00e1stica r\u00edtmica"},"content":{"rendered":"<p>O esporte brasileiro teve uma not\u00edcia surpreendentemente boa na Copa do Mundo de Gin\u00e1stica R\u00edtmica, que est\u00e1 sendo realizada em Pesaro, na It\u00e1lia. Neste\u00a0domingo\u00a0(5), o pa\u00eds ficou com o bronze na prova de duas bolas e tr\u00eas fitas, com 28.650 pontos, atr\u00e1s apenas da It\u00e1lia (bronze em T\u00f3quio) e da Bulg\u00e1ria, atual campe\u00e3 ol\u00edmpica. A equipe brasileira, formada por B\u00e1rbara Galv\u00e3o, Deborah Medrado, Giovanna Oliveira Silva, Maria Eduarda Arakaki e Nicole Pircio (al\u00e9m da reserva Beatriz Linhares) conquistou apenas a\u00a0segunda\u00a0medalha da hist\u00f3ria do pa\u00eds nessa competi\u00e7\u00e3o. A primeira havia sido em 2013.<img decoding=\"async\" src=\"https:\/\/agenciabrasil.ebc.com.br\/ebc.png?id=1463888&amp;o=node\" \/><img decoding=\"async\" src=\"https:\/\/agenciabrasil.ebc.com.br\/ebc.gif?id=1463888&amp;o=node\" \/><\/p>\n<h2>Tr\u00eas p\u00f3dios no v\u00f4lei de praia na Let\u00f4nia<\/h2>\n<p>A etapa de Jurmala (Let\u00f4nia)\u00a0foi especialmente proveitosa para as duplas brasileiras no circuito mundial de v\u00f4lei de praia. Embora o ouro n\u00e3o tenha vindo, foram tr\u00eas medalhas. Entre as mulheres, B\u00e1rbara Seixas e Carol Solberg acabaram derrotadas na final pelas canadenses Melissa e Pavan por 2 sets a\u00a01 (21-19, 20-22, 15-7), ficando com a prata. A parceria brasileira est\u00e1 em segundo lugar no ranking mundial. J\u00e1 o bronze na etapa tamb\u00e9m foi brasileiro: Duda e Ana Patricia venceram as americanas Hughes e Kolinske por 2 a 0 (21\/19 e 21\/17).<\/p>\n<p>Entre os homens, a dupla n\u00famero 1 do mundo, Andr\u00e9 Stein e George, garantiu o bronze ao bater os estonianos N\u00f6lvak e Tilsaar por 2 a 1 (21\/17, 18\/21,15\/13).<\/p>\n<h2>Pep\u00ea Gon\u00e7alves \u00e9 ouro na Alemanha<\/h2>\n<p>O final de semana n\u00e3o passou sem um brasileiro no lugar mais alto do p\u00f3dio: Pep\u00ea Gon\u00e7alves, da canoagem slalom, conquistou o ouro no Aberto de Augsburgo, na Alemanha, na prova do slalom extremo, em que os atletas competem juntos ao inv\u00e9s de fazerem seus tempos separadamente. Esta prova estar\u00e1 no programa ol\u00edmpico pela primeira vez nos Jogos de Paris, em 2024. Pep\u00ea comemorou o resultado em postagem\u00a0no Instagram.<\/p>\n<p><span style=\"font-weight: 400;\">Fonte: Ag\u00eancia Brasil <\/span><\/p>\n","protected":false},"excerpt":{"rendered":"<p>O esporte brasileiro teve uma not\u00edcia surpreendentemente boa na Copa do Mundo de Gin\u00e1stica R\u00edtmica, que est\u00e1 sendo realizada em Pesaro, na It\u00e1lia. Neste\u00a0domingo\u00a0(5), o pa\u00eds ficou com o bronze na prova de duas bolas e tr\u00eas fitas, com 28.650 pontos, atr\u00e1s apenas da It\u00e1lia (bronze em T\u00f3quio) e da Bulg\u00e1ria, atual campe\u00e3 ol\u00edmpica. A [&hellip;]<\/p>\n","protected":false},"author":246,"featured_media":199960,"comment_status":"closed","ping_status":"closed","sticky":false,"template":"","format":"standard","meta":{"footnotes":""},"categories":[436,257,439],"tags":[],"class_list":["post-199959","post","type-post","status-publish","format-standard","has-post-thumbnail","hentry","category-destaque-da-semana","category-esporte","category-ultima-hora"],"_links":{"self":[{"href":"https:\/\/diarioregionaldigital.com.br\/index.php?rest_route=\/wp\/v2\/posts\/199959","targetHints":{"allow":["GET"]}}],"collection":[{"href":"https:\/\/diarioregionaldigital.com.br\/index.php?rest_route=\/wp\/v2\/posts"}],"about":[{"href":"https:\/\/diarioregionaldigital.com.br\/index.php?rest_route=\/wp\/v2\/types\/post"}],"author":[{"embeddable":true,"href":"https:\/\/diarioregionaldigital.com.br\/index.php?rest_route=\/wp\/v2\/users\/246"}],"replies":[{"embeddable":true,"href":"https:\/\/diarioregionaldigital.com.br\/index.php?rest_route=%2Fwp%2Fv2%2Fcomments&post=199959"}],"version-history":[{"count":1,"href":"https:\/\/diarioregionaldigital.com.br\/index.php?rest_route=\/wp\/v2\/posts\/199959\/revisions"}],"predecessor-version":[{"id":199961,"href":"https:\/\/diarioregionaldigital.com.br\/index.php?rest_route=\/wp\/v2\/posts\/199959\/revisions\/199961"}],"wp:featuredmedia":[{"embeddable":true,"href":"https:\/\/diarioregionaldigital.com.br\/index.php?rest_route=\/wp\/v2\/media\/199960"}],"wp:attachment":[{"href":"https:\/\/diarioregionaldigital.com.br\/index.php?rest_route=%2Fwp%2Fv2%2Fmedia&parent=199959"}],"wp:term":[{"taxonomy":"category","embeddable":true,"href":"https:\/\/diarioregionaldigital.com.br\/index.php?rest_route=%2Fwp%2Fv2%2Fcategories&post=199959"},{"taxonomy":"post_tag","embeddable":true,"href":"https:\/\/diarioregionaldigital.com.br\/index.php?rest_route=%2Fwp%2Fv2%2Ftags&post=199959"}],"curies":[{"name":"wp","href":"https:\/\/api.w.org\/{rel}","templated":true}]}}