{"id":199954,"date":"2022-06-06T18:20:32","date_gmt":"2022-06-06T21:20:32","guid":{"rendered":"https:\/\/diarioregionaldigital.com.br\/?p=199954"},"modified":"2022-06-06T18:20:32","modified_gmt":"2022-06-06T21:20:32","slug":"fortaleza-bate-fla-no-maracana-e-conquista-1a-vitoria-no-brasileiro","status":"publish","type":"post","link":"https:\/\/diarioregionaldigital.com.br\/?p=199954","title":{"rendered":"Fortaleza bate Fla no Maracan\u00e3 e conquista 1\u00aa vit\u00f3ria no Brasileiro"},"content":{"rendered":"<p>Mais de 60 mil rubro-negros sa\u00edram do Maracan\u00e3 de cabe\u00e7a quente. O Fortaleza, lanterna da\u00a0<a href=\"https:\/\/agenciabrasil.ebc.com.br\/esportes\/tabelas\/\">S\u00e9rie A do Campeonato Brasileiro,<\/a>\u00a0venceu o Flamengo por 2 a 1 neste\u00a0domingo, pela 9\u00aa rodada do Brasileir\u00e3o, conquistando a primeira vit\u00f3ria na competi\u00e7\u00e3o e deixando uma crise no advers\u00e1rio. A torcida carioca hostilizou o t\u00e9cnico Paulo Sousa, o vice-presidente Marcos Braz e vaiou a equipe.<img decoding=\"async\" src=\"https:\/\/agenciabrasil.ebc.com.br\/ebc.png?id=1463883&amp;o=node\" \/><img decoding=\"async\" src=\"https:\/\/agenciabrasil.ebc.com.br\/ebc.gif?id=1463883&amp;o=node\" \/><\/p>\n<p>Com o resultado, o Flamengo ocupa momentaneamente a 10\u00aa posi\u00e7\u00e3o, com 12 pontos conquistados. J\u00e1 o Le\u00e3o do Pici soma cinco pontos, e segue na \u00faltima coloca\u00e7\u00e3o.<\/p>\n<p>O Fortaleza come\u00e7ou a partida na defesa, n\u00e3o dando espa\u00e7os para o Flamengo atacar. Com dificuldades na cria\u00e7\u00e3o, o Rubro-Negro n\u00e3o levava perigo ao gol de Marcelo Boeck. O contra-ataque do Le\u00e3o do Pici funcionou e o time carioca mostrou fragilidade defensiva. Os visitantes foram ganhando espa\u00e7o e confian\u00e7a para atacar e, j\u00e1 na metade do primeiro tempo, dominava a partida e tinha perdido duas chances incr\u00edveis de abrir o placar.<\/p>\n<p>Aos 5 minutos, Robson recebeu lan\u00e7amento e, cara a cara com o goleiro Hugo, acabou finalizando na trave. A\u00a0segunda\u00a0grande oportunidade foi de Romarinho, aos 23 minutos. O camisa 11 apareceu sozinho dentro da grande \u00e1rea e chutou forte, na rede pelo lado de fora. A terceira tentativa foi fatal. Willian Ar\u00e3o tocou errado e Jussa recuperou a bola. Ele passou para Robson, que bateu por cima de Hugo para fazer o primeiro.<\/p>\n<p>O Flamengo se perdeu completamente em campo e o Fortaleza passou a trocar passes com facilidade no campo de ataque. O segundo quase saiu aos 47 minutos, com Pikachu, ap\u00f3s boa jogada. O castigo veio logo depois. Na \u00fanica jogada trabalhada do rubro-negro no primeiro tempo, Everton Ribeiro passou para Ayrton Lucas, que devolveu para o camisa 7 chutar de primeira e deixar tudo igual.<\/p>\n<p>A segunda etapa come\u00e7ou com a chance de o Flamengo praticamente garantir a vit\u00f3ria. Aos 3 minutos, Marcelo Benevenuto cometeu p\u00eanalti em Pedro. O \u00e1rbitro Leandro Vuaden confirmou a penalidade ap\u00f3s conferir o lance no VAR. O pr\u00f3prio Pedro foi para a cobran\u00e7a, mas acertou na trave.<\/p>\n<p>O Flamengo melhorou em rela\u00e7\u00e3o ao primeiro tempo, com as entradas de Vitinho, Thiago Maia e David Luiz nos lugares de Jo\u00e3o Gomes, Willian Ar\u00e3o e Pablo. Mesmo com as altera\u00e7\u00f5es feitas no intervalo e com o p\u00eanalti perdido, o time n\u00e3o teve outra chance de marcar. O Fortaleza, por outro lado, chegava sempre perigosamente, com a defesa advers\u00e1ria aberta.<\/p>\n<p>O gol da vit\u00f3ria do Le\u00e3o do Pici saiu aos 46 minutos. Filipe Lu\u00eds errou passe no meio de campo, Romero avan\u00e7ou pela esquerda, driblou Matheuzinho e chutou para a boa defesa de Hugo. No rebote, H\u00e9rcules arrematou de perna esquerda para fazer o segundo e fechar o placar.<\/p>\n<p>Na pr\u00f3xima rodada, o Flamengo enfrenta o Bragantino,\u00a0quarta-feira (08), \u00e0s 20h30min, no Nabi Abi Chedid. O Fortaleza recebe o Goi\u00e1s no Castel\u00e3o, na\u00a0quinta-feira (09), \u00e0s 20h (hor\u00e1rio de Bras\u00edlia).<\/p>\n<p><span style=\"font-weight: 400;\"><br \/>\n<\/span><span style=\"font-weight: 400;\">Fonte: Ag\u00eancia Brasil <\/span><\/p>\n","protected":false},"excerpt":{"rendered":"<p>Mais de 60 mil rubro-negros sa\u00edram do Maracan\u00e3 de cabe\u00e7a quente. O Fortaleza, lanterna da\u00a0S\u00e9rie A do Campeonato Brasileiro,\u00a0venceu o Flamengo por 2 a 1 neste\u00a0domingo, pela 9\u00aa rodada do Brasileir\u00e3o, conquistando a primeira vit\u00f3ria na competi\u00e7\u00e3o e deixando uma crise no advers\u00e1rio. A torcida carioca hostilizou o t\u00e9cnico Paulo Sousa, o vice-presidente Marcos Braz [&hellip;]<\/p>\n","protected":false},"author":246,"featured_media":199956,"comment_status":"closed","ping_status":"closed","sticky":false,"template":"","format":"standard","meta":{"footnotes":""},"categories":[436,257,439],"tags":[],"class_list":["post-199954","post","type-post","status-publish","format-standard","has-post-thumbnail","hentry","category-destaque-da-semana","category-esporte","category-ultima-hora"],"_links":{"self":[{"href":"https:\/\/diarioregionaldigital.com.br\/index.php?rest_route=\/wp\/v2\/posts\/199954","targetHints":{"allow":["GET"]}}],"collection":[{"href":"https:\/\/diarioregionaldigital.com.br\/index.php?rest_route=\/wp\/v2\/posts"}],"about":[{"href":"https:\/\/diarioregionaldigital.com.br\/index.php?rest_route=\/wp\/v2\/types\/post"}],"author":[{"embeddable":true,"href":"https:\/\/diarioregionaldigital.com.br\/index.php?rest_route=\/wp\/v2\/users\/246"}],"replies":[{"embeddable":true,"href":"https:\/\/diarioregionaldigital.com.br\/index.php?rest_route=%2Fwp%2Fv2%2Fcomments&post=199954"}],"version-history":[{"count":2,"href":"https:\/\/diarioregionaldigital.com.br\/index.php?rest_route=\/wp\/v2\/posts\/199954\/revisions"}],"predecessor-version":[{"id":199958,"href":"https:\/\/diarioregionaldigital.com.br\/index.php?rest_route=\/wp\/v2\/posts\/199954\/revisions\/199958"}],"wp:featuredmedia":[{"embeddable":true,"href":"https:\/\/diarioregionaldigital.com.br\/index.php?rest_route=\/wp\/v2\/media\/199956"}],"wp:attachment":[{"href":"https:\/\/diarioregionaldigital.com.br\/index.php?rest_route=%2Fwp%2Fv2%2Fmedia&parent=199954"}],"wp:term":[{"taxonomy":"category","embeddable":true,"href":"https:\/\/diarioregionaldigital.com.br\/index.php?rest_route=%2Fwp%2Fv2%2Fcategories&post=199954"},{"taxonomy":"post_tag","embeddable":true,"href":"https:\/\/diarioregionaldigital.com.br\/index.php?rest_route=%2Fwp%2Fv2%2Ftags&post=199954"}],"curies":[{"name":"wp","href":"https:\/\/api.w.org\/{rel}","templated":true}]}}