{"id":199948,"date":"2022-06-06T18:15:49","date_gmt":"2022-06-06T21:15:49","guid":{"rendered":"https:\/\/diarioregionaldigital.com.br\/?p=199948"},"modified":"2022-06-06T18:15:49","modified_gmt":"2022-06-06T21:15:49","slug":"pia-convoca-selecao-para-a-copa-america-de-futebol-feminino","status":"publish","type":"post","link":"https:\/\/diarioregionaldigital.com.br\/?p=199948","title":{"rendered":"Pia convoca sele\u00e7\u00e3o para a Copa Am\u00e9rica de futebol feminino"},"content":{"rendered":"<p>A t\u00e9cnica sueca Pia Sundhage divulgou nesta segunda-feira (6) a rela\u00e7\u00e3o de convocadas para a edi\u00e7\u00e3o 2022 da Copa Am\u00e9rica de futebol feminino, que ser\u00e1 disputada entre os dias 8 e 30 de julho nas cidades colombianas de Armenia, Cali e Bucaramanga.<img decoding=\"async\" src=\"https:\/\/agenciabrasil.ebc.com.br\/ebc.png?id=1463981&amp;o=node\" \/><img decoding=\"async\" src=\"https:\/\/agenciabrasil.ebc.com.br\/ebc.gif?id=1463981&amp;o=node\" \/><\/p>\n<p>A Copa Am\u00e9rica classificar\u00e1 tr\u00eas equipes para a Copa do Mundo de 2023, na Nova Zel\u00e2ndia e Austr\u00e1lia. Al\u00e9m disso, a campe\u00e3 continental tamb\u00e9m garante a classifica\u00e7\u00e3o para os Jogos Ol\u00edmpicos de 2024 (Paris). O Brasil faz parte do Grupo B da competi\u00e7\u00e3o, ao lado de Peru, Venezuela, Uruguai e Argentina.<\/p>\n<p>Al\u00e9m de buscarem o oitavo t\u00edtulo na competi\u00e7\u00e3o sul-americana, as convocadas disputar\u00e3o dois amistosos: contra a Dinamarca no dia 24 de junho, a partir das 14h (hor\u00e1rio de Bras\u00edlia), no Est\u00e1dio Parken, em Copenhague, e contra a Su\u00e9cia no dia 28, a partir das 13h30, na Friends Arena, em Estocolmo.<\/p>\n<h2>Rela\u00e7\u00e3o de convocadas:<\/h2>\n<p><strong>Goleiras:<\/strong>\u00a0Let\u00edcia &#8211; Corinthians, Lorena &#8211; Gr\u00eamio e Luciana &#8211; Ferrovi\u00e1ria.<\/p>\n<p><strong>Defensoras:<\/strong>\u00a0Antonia, Fernanda Palermo &#8211; S\u00e3o Paulo, Kathellen &#8211; Inter de Mil\u00e3o (It\u00e1lia), Let\u00edcia Santos &#8211; Frankfurt (Alemanha), Tainara &#8211; Bayern de Munique (Alemanha), Tamires &#8211; Corinthians e Rafaelle &#8211; Arsenal (Inglaterra).<\/p>\n<p><strong>Meio-campistas:<\/strong>\u00a0Adriana &#8211; Corinthians, Angelina &#8211; OL Reign (EUA), Ary Borges &#8211; Palmeiras, Duda Santos &#8211; Palmeiras, Gabi Portilho &#8211; Corinthians, Kerolin &#8211; North Caroline Courage (EUA), Luana &#8211; Paris Saint-Germain (Fran\u00e7a), Maria Eduarda Francelino &#8211; Flamengo e Maria Eduarda Sampaio &#8211; Internacional*.<\/p>\n<p><strong>Atacantes:<\/strong>\u00a0Bia Zaneratto &#8211; Palmeiras, Debinha &#8211; North Caroline Courage (EUA), Gabi Nunes &#8211; Madrid CFF (Espanha), Geyse &#8211; Madrid CFF (Espanha) e Gio &#8211; Levante (Espanha).<\/p>\n<p><em>* Convocada apenas para os jogos contra Dinamarca e Su\u00e9cia.<\/p>\n<p><\/em>Fonte: Ag\u00eancia Brasil<\/p>\n","protected":false},"excerpt":{"rendered":"<p>A t\u00e9cnica sueca Pia Sundhage divulgou nesta segunda-feira (6) a rela\u00e7\u00e3o de convocadas para a edi\u00e7\u00e3o 2022 da Copa Am\u00e9rica de futebol feminino, que ser\u00e1 disputada entre os dias 8 e 30 de julho nas cidades colombianas de Armenia, Cali e Bucaramanga. A Copa Am\u00e9rica classificar\u00e1 tr\u00eas equipes para a Copa do Mundo de 2023, [&hellip;]<\/p>\n","protected":false},"author":246,"featured_media":199949,"comment_status":"closed","ping_status":"closed","sticky":false,"template":"","format":"standard","meta":{"footnotes":""},"categories":[436,257,439],"tags":[],"class_list":["post-199948","post","type-post","status-publish","format-standard","has-post-thumbnail","hentry","category-destaque-da-semana","category-esporte","category-ultima-hora"],"_links":{"self":[{"href":"https:\/\/diarioregionaldigital.com.br\/index.php?rest_route=\/wp\/v2\/posts\/199948","targetHints":{"allow":["GET"]}}],"collection":[{"href":"https:\/\/diarioregionaldigital.com.br\/index.php?rest_route=\/wp\/v2\/posts"}],"about":[{"href":"https:\/\/diarioregionaldigital.com.br\/index.php?rest_route=\/wp\/v2\/types\/post"}],"author":[{"embeddable":true,"href":"https:\/\/diarioregionaldigital.com.br\/index.php?rest_route=\/wp\/v2\/users\/246"}],"replies":[{"embeddable":true,"href":"https:\/\/diarioregionaldigital.com.br\/index.php?rest_route=%2Fwp%2Fv2%2Fcomments&post=199948"}],"version-history":[{"count":1,"href":"https:\/\/diarioregionaldigital.com.br\/index.php?rest_route=\/wp\/v2\/posts\/199948\/revisions"}],"predecessor-version":[{"id":199950,"href":"https:\/\/diarioregionaldigital.com.br\/index.php?rest_route=\/wp\/v2\/posts\/199948\/revisions\/199950"}],"wp:featuredmedia":[{"embeddable":true,"href":"https:\/\/diarioregionaldigital.com.br\/index.php?rest_route=\/wp\/v2\/media\/199949"}],"wp:attachment":[{"href":"https:\/\/diarioregionaldigital.com.br\/index.php?rest_route=%2Fwp%2Fv2%2Fmedia&parent=199948"}],"wp:term":[{"taxonomy":"category","embeddable":true,"href":"https:\/\/diarioregionaldigital.com.br\/index.php?rest_route=%2Fwp%2Fv2%2Fcategories&post=199948"},{"taxonomy":"post_tag","embeddable":true,"href":"https:\/\/diarioregionaldigital.com.br\/index.php?rest_route=%2Fwp%2Fv2%2Ftags&post=199948"}],"curies":[{"name":"wp","href":"https:\/\/api.w.org\/{rel}","templated":true}]}}