{"id":199945,"date":"2022-06-06T18:04:49","date_gmt":"2022-06-06T21:04:49","guid":{"rendered":"https:\/\/diarioregionaldigital.com.br\/?p=199945"},"modified":"2022-06-06T18:04:49","modified_gmt":"2022-06-06T21:04:49","slug":"adolescentes-de-socioeducativo-produzem-mantas-doadas-a-hospitais","status":"publish","type":"post","link":"https:\/\/diarioregionaldigital.com.br\/?p=199945","title":{"rendered":"Adolescentes de socioeducativo produzem mantas doadas a hospitais"},"content":{"rendered":"<p>\u201c\u00c9 uma oficina que por si s\u00f3 explica o que \u00e9 a socioeduca\u00e7\u00e3o: al\u00e9m de aprender um of\u00edcio, ensina a eles tamb\u00e9m sobre o cuidado com o outro\u201d. A frase \u00e9 da agente de seguran\u00e7a socioeducativa Silvia Danizete, respons\u00e1vel por ensinar os adolescentes na oficina de costura do Centro Socioeducativo de Sete Lagoas, e descreve o trabalho desenvolvido com os jovens acautelados. S\u00e3o sete adolescentes que trabalham no manuseio de m\u00e1quinas e tecidos. As mantas confeccionadas pelo grupo v\u00e3o aquecer dezenas de crian\u00e7as em quatro creches da cidade e na Ala Pedi\u00e1trica do Hospital Municipal de Sete Lagoas.<\/p>\n<p>Os trabalhos, realizados na parte da tarde, come\u00e7aram h\u00e1 cerca de duas semanas e se manter\u00e3o durante o inverno, atendendo a necessidade das institui\u00e7\u00f5es beneficiadas. At\u00e9 o momento, mais de 100 itens j\u00e1 foram produzidos. As dezenas de mantas s\u00e3o enviadas a crian\u00e7as de seis meses a quatro anos. Todo o material utilizado na produ\u00e7\u00e3o, incluindo o tecido, as linhas e algumas m\u00e1quinas de costura, foi disponibilizado pelo Rotary Club de Sete Lagoas, parceiro no projeto.<\/p>\n<p><strong>Sensibiliza\u00e7\u00e3o<\/strong><\/p>\n<p>Segundo a diretora-geral da unidade socioeducativa, Raquel Dias da Concei\u00e7\u00e3o, o trabalho envolve toda a equipe da unidade. \u201cPor meio de diversas parcerias, conseguimos oferecer um per\u00edodo de ocupa\u00e7\u00e3o durante o cumprimento da medida. Ao mesmo tempo, realizamos a sensibiliza\u00e7\u00e3o da sociedade por meio das parcerias, levando aos adolescentes um novo olhar em rela\u00e7\u00e3o ao pertencimento social e reposicionamento de vida&#8221;, ressalta Raquel. &#8220;A arte de costurar \u00e9 muito enriquecedora e o produto final causa um impacto positivo na vida de outras pessoas\u201d.<\/p>\n<p>A iniciativa come\u00e7ou diante de uma demanda do hospital municipal, que tinha uma car\u00eancia pelos itens de inverno. A dire\u00e7\u00e3o do centro socioeducativo ent\u00e3o se uniu com o Rotary Club para confeccionar as mantas, como conta o presidente da entidade em Sete Lagoas, Benedito Geraldo Dias Quint\u00e3o. \u201cPara n\u00f3s do Rotary foi um prazer muito grande desenvolver esse projeto, at\u00e9 porque uma das nossas maiores preocupa\u00e7\u00f5es \u00e9 o social. Quando a unidade nos mostrou a proposta, n\u00f3s adoramos e fizemos de tudo para poder fazer parte. Conseguimos levantar dinheiro at\u00e9 na B\u00e9lgica. O projeto, inclusive, foi selecionado na confer\u00eancia do Rotary e ficou em quinto lugar\u201d, comemora.<\/p>\n<p><span style=\"font-weight: 400;\">Fonte: Ag\u00eancia Minas <\/span><\/p>\n","protected":false},"excerpt":{"rendered":"<p>\u201c\u00c9 uma oficina que por si s\u00f3 explica o que \u00e9 a socioeduca\u00e7\u00e3o: al\u00e9m de aprender um of\u00edcio, ensina a eles tamb\u00e9m sobre o cuidado com o outro\u201d. A frase \u00e9 da agente de seguran\u00e7a socioeducativa Silvia Danizete, respons\u00e1vel por ensinar os adolescentes na oficina de costura do Centro Socioeducativo de Sete Lagoas, e descreve [&hellip;]<\/p>\n","protected":false},"author":246,"featured_media":199946,"comment_status":"closed","ping_status":"closed","sticky":false,"template":"","format":"standard","meta":{"footnotes":""},"categories":[436,254,439],"tags":[],"class_list":["post-199945","post","type-post","status-publish","format-standard","has-post-thumbnail","hentry","category-destaque-da-semana","category-politica","category-ultima-hora"],"_links":{"self":[{"href":"https:\/\/diarioregionaldigital.com.br\/index.php?rest_route=\/wp\/v2\/posts\/199945","targetHints":{"allow":["GET"]}}],"collection":[{"href":"https:\/\/diarioregionaldigital.com.br\/index.php?rest_route=\/wp\/v2\/posts"}],"about":[{"href":"https:\/\/diarioregionaldigital.com.br\/index.php?rest_route=\/wp\/v2\/types\/post"}],"author":[{"embeddable":true,"href":"https:\/\/diarioregionaldigital.com.br\/index.php?rest_route=\/wp\/v2\/users\/246"}],"replies":[{"embeddable":true,"href":"https:\/\/diarioregionaldigital.com.br\/index.php?rest_route=%2Fwp%2Fv2%2Fcomments&post=199945"}],"version-history":[{"count":1,"href":"https:\/\/diarioregionaldigital.com.br\/index.php?rest_route=\/wp\/v2\/posts\/199945\/revisions"}],"predecessor-version":[{"id":199947,"href":"https:\/\/diarioregionaldigital.com.br\/index.php?rest_route=\/wp\/v2\/posts\/199945\/revisions\/199947"}],"wp:featuredmedia":[{"embeddable":true,"href":"https:\/\/diarioregionaldigital.com.br\/index.php?rest_route=\/wp\/v2\/media\/199946"}],"wp:attachment":[{"href":"https:\/\/diarioregionaldigital.com.br\/index.php?rest_route=%2Fwp%2Fv2%2Fmedia&parent=199945"}],"wp:term":[{"taxonomy":"category","embeddable":true,"href":"https:\/\/diarioregionaldigital.com.br\/index.php?rest_route=%2Fwp%2Fv2%2Fcategories&post=199945"},{"taxonomy":"post_tag","embeddable":true,"href":"https:\/\/diarioregionaldigital.com.br\/index.php?rest_route=%2Fwp%2Fv2%2Ftags&post=199945"}],"curies":[{"name":"wp","href":"https:\/\/api.w.org\/{rel}","templated":true}]}}